{"id":443,"date":"2018-01-24T18:48:00","date_gmt":"2018-01-24T17:48:00","guid":{"rendered":"http:\/\/www.lacgtmontreuil.fr\/?p=443"},"modified":"2018-01-24T18:48:00","modified_gmt":"2018-01-24T17:48:00","slug":"je-tu-ul-fin-mai-2009-n-34","status":"publish","type":"post","link":"https:\/\/www.lacgtmontreuil.fr\/?p=443","title":{"rendered":"Je, Tu, UL\u2026  Fin Mai 2009  N\u00b0 34"},"content":{"rendered":"<p><strong> Les br\u00e8ves de l\u2019UL CGT de Montreuil, 24, rue de Paris<\/strong><\/p>\n<p><img loading=\"lazy\" decoding=\"async\" width=\"109\" height=\"155\" class=\"wp-image-444\" src=\"https:\/\/www.lacgtmontreuil.fr\/wp-content\/uploads\/2018\/01\/logo_cgt-36.jpeg\" alt=\"logo_cgt\" \/>\u00a0\u00a0 <strong>Je, Tu, UL\u2026\u00a0 Fin Mai 2009\u00a0 N\u00b0 34<\/strong><\/p>\n<p><em>\u00ab\u00a0Le dimanche, c\u2019est pour nous\u00a0\u00bb<\/em><\/p>\n<p><strong>DES POSTES POUR LA POSTE :<\/strong> 44, Boulevard Rouget de L\u2019Isle \u2013 Les postier(e)s \u00e9taient en gr\u00e8ve les 5 et 26 mai pour d\u00e9noncer la \u00ab\u00a0s\u00e9cabilit\u00e9\u00a0\u00bb. En clair, la direction leur demande cet \u00e9t\u00e9 de s\u2019auto-remplacer pendant les cong\u00e9s de leurs coll\u00e8gues. A l\u2019inverse, les gr\u00e9vistes r\u00e9clament un facteur titulaire sur chaque tourn\u00e9e et le recrutement de saisonniers ou d\u2019\u00e9tudiants pour les remplacements.<\/p>\n<p>&nbsp;<\/p>\n<p><strong>BOUYGUES L\u00c2CHE PLUS-NET\u00a0:<\/strong> 4, rue Girard \u2013 Au 8<sup>\u00e8me<\/sup> mois de gr\u00e8ve, le patron de Plus-Net, l\u00e2ch\u00e9 par Bouygues qui a r\u00e9sili\u00e9 ses contrats, veut enfin faire amende honorable. Proposant le 27 d\u2019aider \u00e0 la r\u00e9gularisation de 12 gr\u00e9vistes sur 24, il pr\u00e9tend le 28 \u00ab\u00a0plaider la bonne foi\u00a0\u00bb dans Le Parisien\u00a0: sur TF1, ils auraient pu faire un chouette duo avec Martin Bouygues\u2026 A l\u2019\u00e9vidence, la n\u00e9gociation ne fait que commencer\u00a0!<\/p>\n<p><strong>AREPA \u00c1 L\u2019ARR\u00caT:<\/strong> 33, rue Lenain de Tillemont \u2013 Le personnel de m\u00e9nage de la maison de retraite a accueilli le nouveau patron CARRARD Services, par un arr\u00eat de travail le week-end de l\u2019Ascension. Motif\u00a0: le repreneur voulait modifier les contrats en faisant signer des avenants aux salari\u00e9es\u2026 qui toutes ont refus\u00e9. CARRARD a donc battu en retraite et accept\u00e9 l\u2019ouverture de n\u00e9gociation.<\/p>\n<p><strong>AUX NOUVEAUX LICENCIEURS:<\/strong> 49, rue de Raspail \u2013 Les Nouveaux Robinsons s\u2019improvisent supermarch\u00e9 du licenciement. Apr\u00e8s Orkiya, licenci\u00e9e pour avoir r\u00e9cup\u00e9r\u00e9 2 tartelettes p\u00e9rim\u00e9es, c\u2019est au tour de Mourad A\u00cfT-BOUALI, d\u00e9l\u00e9gu\u00e9 syndical CGT. La proc\u00e9dure qui le vise pr\u00e9tend qu\u2019il a \u00e9t\u00e9 \u00ab\u00a0vu en train de prendre un croc\u2019en figue\u2026 pour aller le manger avec son caf\u00e9\u00a0\u00bb\u00a0! L\u2019inspection du Travail va devoir enqu\u00eater sur ce crime\u2026<\/p>\n<p><strong>UNE CGT EN PLEINE SANT\u00c9:<\/strong> 11, rue Georges M\u00e9li\u00e8s \u2013 Les \u00e9lections professionnelles du 15 mai au Foyer Alexandre Glasberg ont donn\u00e9 la totalit\u00e9 des si\u00e8ges aux listes CGT avec 8 \u00e9lues sur 8. Un succ\u00e8s qui fait suite \u00e0 ceux obtenus dans 3 autres foyers pour handicap\u00e9s\u00a0: au FAM Les Bons Plants o\u00f9 notre camarade Daouia AZIB a \u00e9t\u00e9 largement \u00e9lue et \u00e0 l\u2019AFASER avec d\u00e9sormais des \u00e9lues CGT tant \u00e0 l\u2019ESAT rue Saint-Just qu\u2019au Foyer de la rue des Papillons.<\/p>\n","protected":false},"excerpt":{"rendered":"<p>Les br\u00e8ves de l\u2019UL CGT de Montreuil, 24, rue de Paris \u00a0\u00a0 Je, Tu, UL\u2026\u00a0 Fin Mai 2009\u00a0 N\u00b0 34 \u00ab\u00a0Le dimanche, c\u2019est pour nous\u00a0\u00bb DES POSTES POUR LA POSTE : 44, Boulevard Rouget de L\u2019Isle \u2013 Les postier(e)s \u00e9taient en gr\u00e8ve les 5 et 26 mai pour d\u00e9noncer la \u00ab\u00a0s\u00e9cabilit\u00e9\u00a0\u00bb. En clair, la direction &hellip; <\/p>\n","protected":false},"author":1,"featured_media":0,"comment_status":"closed","ping_status":"open","sticky":false,"template":"","format":"standard","meta":{"footnotes":""},"categories":[2],"tags":[],"class_list":{"0":"entry","1":"post","2":"publish","3":"author-ulmontreuil","4":"post-443","6":"format-standard","7":"category-je-tu-ul"},"_links":{"self":[{"href":"https:\/\/www.lacgtmontreuil.fr\/index.php?rest_route=\/wp\/v2\/posts\/443","targetHints":{"allow":["GET"]}}],"collection":[{"href":"https:\/\/www.lacgtmontreuil.fr\/index.php?rest_route=\/wp\/v2\/posts"}],"about":[{"href":"https:\/\/www.lacgtmontreuil.fr\/index.php?rest_route=\/wp\/v2\/types\/post"}],"author":[{"embeddable":true,"href":"https:\/\/www.lacgtmontreuil.fr\/index.php?rest_route=\/wp\/v2\/users\/1"}],"replies":[{"embeddable":true,"href":"https:\/\/www.lacgtmontreuil.fr\/index.php?rest_route=%2Fwp%2Fv2%2Fcomments&post=443"}],"version-history":[{"count":1,"href":"https:\/\/www.lacgtmontreuil.fr\/index.php?rest_route=\/wp\/v2\/posts\/443\/revisions"}],"predecessor-version":[{"id":445,"href":"https:\/\/www.lacgtmontreuil.fr\/index.php?rest_route=\/wp\/v2\/posts\/443\/revisions\/445"}],"wp:attachment":[{"href":"https:\/\/www.lacgtmontreuil.fr\/index.php?rest_route=%2Fwp%2Fv2%2Fmedia&parent=443"}],"wp:term":[{"taxonomy":"category","embeddable":true,"href":"https:\/\/www.lacgtmontreuil.fr\/index.php?rest_route=%2Fwp%2Fv2%2Fcategories&post=443"},{"taxonomy":"post_tag","embeddable":true,"href":"https:\/\/www.lacgtmontreuil.fr\/index.php?rest_route=%2Fwp%2Fv2%2Ftags&post=443"}],"curies":[{"name":"wp","href":"https:\/\/api.w.org\/{rel}","templated":true}]}}