{"id":440,"date":"2018-01-24T18:45:19","date_gmt":"2018-01-24T17:45:19","guid":{"rendered":"http:\/\/www.lacgtmontreuil.fr\/?p=440"},"modified":"2018-01-24T18:45:19","modified_gmt":"2018-01-24T17:45:19","slug":"je-tu-ul-fin-avril-2009-n-33","status":"publish","type":"post","link":"https:\/\/www.lacgtmontreuil.fr\/?p=440","title":{"rendered":"Je, Tu, UL\u2026  Fin Avril 2009  N\u00b0 33"},"content":{"rendered":"<p><strong> Les br\u00e8ves de l\u2019UL CGT de Montreuil, 24, rue de Paris<\/strong><\/p>\n<p><img loading=\"lazy\" decoding=\"async\" width=\"109\" height=\"155\" class=\"wp-image-441\" src=\"https:\/\/www.lacgtmontreuil.fr\/wp-content\/uploads\/2018\/01\/logo_cgt-35.jpeg\" alt=\"logo_cgt\" \/>\u00a0\u00a0 <strong>Je, Tu, UL\u2026\u00a0 Fin Avril 2009\u00a0 N\u00b0 33<\/strong><\/p>\n<p><em>\u00ab\u00a0Lib\u00e9rons-nous des lib\u00e9raux\u00a0!\u00a0\u00bb<\/em><\/p>\n<p><strong>L\u2019URSSAF EN COL\u00c8RE :<\/strong> 22-24, rue de Lagny \u2013 C\u2019est une \u00ab\u00a0petite\u00a0\u00bb d\u00e9l\u00e9gation de 200 gr\u00e9vistes qui est intervenue le 28 avril aupr\u00e8s de la Direction et du C.A. pour r\u00e9clamer 20 points suppl\u00e9mentaires, l\u2019am\u00e9lioration des conditions de travail et la titularisation des CDD. Aucune plainte pour s\u00e9questration n\u2019a \u00e9t\u00e9 d\u00e9pos\u00e9e\u2026<\/p>\n<p><strong>LE PATRON DE PLUS-NET EST RESSUSCIT\u00c9\u00a0!<\/strong>: 4, rue Girard \u2013 Miracle chez PLUS-NET, le patron est r\u00e9apparu\u00a0! Apr\u00e8s quelques r\u00e9siliations de chantiers, Monsieur SUIED a d\u00e9clar\u00e9 qu\u2019il \u00e9tait pr\u00eat \u00e0 n\u00e9gocier avec les gr\u00e9vistes. On attend la suite avec impatience\u2026<\/p>\n<p><strong>MAIRIE FORT MARRIE\u00a0:<\/strong> Place Jean Jaur\u00e8s \u2013 Las d\u2019\u00eatre tenus pour quantit\u00e9 n\u00e9gligeable dans la multiplication des organigrammes et autres chantiers de r\u00e9organisation, le personnel de la Mairie a bruyamment manifest\u00e9 son m\u00e9contentement ce 28 avril. Dans les rues du centre-ville d\u2019abord, dans la salle du conseil municipal ensuite, ils \u00e9taient pr\u00e9s de 200 agents, \u00e0 l\u2019appel de la CGT, \u00e0 se mobiliser. Action payante puisqu\u2019ils ont obtenu la tenue d\u2019un 4<sup>\u00e8me<\/sup> C.T.P. et l\u2019ouverture de n\u00e9gociation sur la refonte du r\u00e9gime indemnitaire.<\/p>\n<p><strong>ACTIONS CGT EN HAUSSE\u00a0:<\/strong> 59, rue de la R\u00e9publique \u2013 BNP-Paribas renouvelait pour 4 ans le CE et les DP. Score historique pour la CGT qui d\u00e9passe les 41% parmi les techniciens et obtient 35% chez les cadres, avec 8 \u00e9lus UGICT-CGT chez le plus gros employeur de Montreuil.<\/p>\n<p><strong>LICENCIEMENT BIO:<\/strong> 49, rue de Raspail \u2013 Les Nouveaux Robinsons ont l\u2019\u00e9thique tr\u00e8s sectaire. Une responsable de magasin est licenci\u00e9e pour avoir r\u00e9cup\u00e9r\u00e9 2 tartelettes p\u00e9rim\u00e9es\u00a0: la CGT exige sa r\u00e9int\u00e9gration avec le soutien de nombreux coll\u00e8gues et clients. Du coup, la Direction entame une nouvelle proc\u00e9dure de licenciement contre le D\u00e9l\u00e9gu\u00e9 Syndical CGT, cette fois\u00a0! D\u00e9cid\u00e9ment, il y a des tartelettes qui se perdent\u2026<\/p>\n<p><strong>UNION DES SARKO-PHAGES\u00a0:<\/strong> 9, rue Fran\u00e7ois Debergue \u2013 A \u00ab\u00a0La Parole Errante\u00a0\u00bb, la mobilisation s\u2019organise contre l\u2019\u00e9ventuelle venue de Nicolas Sarkozy \u00e0 Montreuil. Plusieurs initiatives unitaires (dont l\u2019UL-CGT est partie prenante) sont \u00e0 l\u2019\u00e9tude ou en cours de r\u00e9alisation, comme le barbecue du 1<sup>er<\/sup> mai, \u00e0 11h au Centre de Loisirs R\u00e9sistance, avant la manifestation.<\/p>\n","protected":false},"excerpt":{"rendered":"<p>Les br\u00e8ves de l\u2019UL CGT de Montreuil, 24, rue de Paris \u00a0\u00a0 Je, Tu, UL\u2026\u00a0 Fin Avril 2009\u00a0 N\u00b0 33 \u00ab\u00a0Lib\u00e9rons-nous des lib\u00e9raux\u00a0!\u00a0\u00bb L\u2019URSSAF EN COL\u00c8RE : 22-24, rue de Lagny \u2013 C\u2019est une \u00ab\u00a0petite\u00a0\u00bb d\u00e9l\u00e9gation de 200 gr\u00e9vistes qui est intervenue le 28 avril aupr\u00e8s de la Direction et du C.A. pour r\u00e9clamer 20 &hellip; <\/p>\n","protected":false},"author":1,"featured_media":0,"comment_status":"closed","ping_status":"open","sticky":false,"template":"","format":"standard","meta":{"footnotes":""},"categories":[2],"tags":[],"class_list":{"0":"entry","1":"post","2":"publish","3":"author-ulmontreuil","4":"post-440","6":"format-standard","7":"category-je-tu-ul"},"_links":{"self":[{"href":"https:\/\/www.lacgtmontreuil.fr\/index.php?rest_route=\/wp\/v2\/posts\/440","targetHints":{"allow":["GET"]}}],"collection":[{"href":"https:\/\/www.lacgtmontreuil.fr\/index.php?rest_route=\/wp\/v2\/posts"}],"about":[{"href":"https:\/\/www.lacgtmontreuil.fr\/index.php?rest_route=\/wp\/v2\/types\/post"}],"author":[{"embeddable":true,"href":"https:\/\/www.lacgtmontreuil.fr\/index.php?rest_route=\/wp\/v2\/users\/1"}],"replies":[{"embeddable":true,"href":"https:\/\/www.lacgtmontreuil.fr\/index.php?rest_route=%2Fwp%2Fv2%2Fcomments&post=440"}],"version-history":[{"count":1,"href":"https:\/\/www.lacgtmontreuil.fr\/index.php?rest_route=\/wp\/v2\/posts\/440\/revisions"}],"predecessor-version":[{"id":442,"href":"https:\/\/www.lacgtmontreuil.fr\/index.php?rest_route=\/wp\/v2\/posts\/440\/revisions\/442"}],"wp:attachment":[{"href":"https:\/\/www.lacgtmontreuil.fr\/index.php?rest_route=%2Fwp%2Fv2%2Fmedia&parent=440"}],"wp:term":[{"taxonomy":"category","embeddable":true,"href":"https:\/\/www.lacgtmontreuil.fr\/index.php?rest_route=%2Fwp%2Fv2%2Fcategories&post=440"},{"taxonomy":"post_tag","embeddable":true,"href":"https:\/\/www.lacgtmontreuil.fr\/index.php?rest_route=%2Fwp%2Fv2%2Ftags&post=440"}],"curies":[{"name":"wp","href":"https:\/\/api.w.org\/{rel}","templated":true}]}}