{"id":4072,"date":"2020-02-02T21:22:45","date_gmt":"2020-02-02T20:22:45","guid":{"rendered":"http:\/\/www.lacgtmontreuil.fr\/?p=4072"},"modified":"2020-02-02T21:22:45","modified_gmt":"2020-02-02T20:22:45","slug":"depart-de-la-manifestation-contre-la-reforme-des-retraites-24-janvier-2020-place-de-la-republique","status":"publish","type":"post","link":"https:\/\/www.lacgtmontreuil.fr\/?p=4072","title":{"rendered":"D\u00e9part de la manifestation contre la r\u00e9forme des retraites 24 janvier 2020 &#8211; Place de la R\u00e9publique."},"content":{"rendered":"<div id=\"fb-root\"><\/div>\n<p><script async=\"1\" defer=\"1\" crossorigin=\"anonymous\" src=\"https:\/\/connect.facebook.net\/fr_FR\/sdk.js#xfbml=1&amp;version=v5.0\"><\/script><\/p>\n<div class=\"fb-video\" data-href=\"https:\/\/www.facebook.com\/franceinfovideo\/videos\/478816142780507\/\" data-width=\"1200\">\n<blockquote cite=\"https:\/\/www.facebook.com\/franceinfovideo\/videos\/478816142780507\/\" class=\"fb-xfbml-parse-ignore\"><p><a href=\"https:\/\/www.facebook.com\/franceinfovideo\/videos\/478816142780507\/\"><\/a><\/p>\n<p>Place de la R\u00e9publique. D\u00e9part de la manifestation contre la r\u00e9forme des retraites<\/p>\n<p>Publi\u00e9e par <a href=\"https:\/\/www.facebook.com\/franceinfovideo\/\">franceinfo vid\u00e9o<\/a> sur Vendredi 24 janvier 2020<\/p><\/blockquote>\n<\/div>\n","protected":false},"excerpt":{"rendered":"<p>Place de la R\u00e9publique. D\u00e9part de la manifestation contre la r\u00e9forme des retraites Publi\u00e9e par franceinfo vid\u00e9o sur Vendredi 24 janvier 2020<\/p>\n","protected":false},"author":1,"featured_media":0,"comment_status":"closed","ping_status":"open","sticky":false,"template":"","format":"video","meta":{"footnotes":""},"categories":[14],"tags":[],"class_list":{"0":"entry","1":"post","2":"publish","3":"author-ulmontreuil","4":"post-4072","6":"format-video","7":"category-photo_video","8":"post_format-post-format-video","9":"has-format"},"_links":{"self":[{"href":"https:\/\/www.lacgtmontreuil.fr\/index.php?rest_route=\/wp\/v2\/posts\/4072","targetHints":{"allow":["GET"]}}],"collection":[{"href":"https:\/\/www.lacgtmontreuil.fr\/index.php?rest_route=\/wp\/v2\/posts"}],"about":[{"href":"https:\/\/www.lacgtmontreuil.fr\/index.php?rest_route=\/wp\/v2\/types\/post"}],"author":[{"embeddable":true,"href":"https:\/\/www.lacgtmontreuil.fr\/index.php?rest_route=\/wp\/v2\/users\/1"}],"replies":[{"embeddable":true,"href":"https:\/\/www.lacgtmontreuil.fr\/index.php?rest_route=%2Fwp%2Fv2%2Fcomments&post=4072"}],"version-history":[{"count":1,"href":"https:\/\/www.lacgtmontreuil.fr\/index.php?rest_route=\/wp\/v2\/posts\/4072\/revisions"}],"predecessor-version":[{"id":4075,"href":"https:\/\/www.lacgtmontreuil.fr\/index.php?rest_route=\/wp\/v2\/posts\/4072\/revisions\/4075"}],"wp:attachment":[{"href":"https:\/\/www.lacgtmontreuil.fr\/index.php?rest_route=%2Fwp%2Fv2%2Fmedia&parent=4072"}],"wp:term":[{"taxonomy":"category","embeddable":true,"href":"https:\/\/www.lacgtmontreuil.fr\/index.php?rest_route=%2Fwp%2Fv2%2Fcategories&post=4072"},{"taxonomy":"post_tag","embeddable":true,"href":"https:\/\/www.lacgtmontreuil.fr\/index.php?rest_route=%2Fwp%2Fv2%2Ftags&post=4072"}],"curies":[{"name":"wp","href":"https:\/\/api.w.org\/{rel}","templated":true}]}}