{"id":387,"date":"2018-01-16T18:36:10","date_gmt":"2018-01-16T17:36:10","guid":{"rendered":"http:\/\/www.lacgtmontreuil.fr\/?p=387"},"modified":"2018-01-16T18:36:10","modified_gmt":"2018-01-16T17:36:10","slug":"je-tu-ul-debut-mai-2008-n-15","status":"publish","type":"post","link":"https:\/\/www.lacgtmontreuil.fr\/?p=387","title":{"rendered":"Je, Tu, UL\u2026  D\u00e9but Mai 2008  N\u00b0 15"},"content":{"rendered":"<p>&nbsp;<\/p>\n<p><strong> Les br\u00e8ves de l\u2019UL CGT de Montreuil, 24, rue de Paris<\/strong><\/p>\n<p><img loading=\"lazy\" decoding=\"async\" width=\"109\" height=\"155\" class=\"wp-image-388\" src=\"https:\/\/www.lacgtmontreuil.fr\/wp-content\/uploads\/2018\/01\/logo_cgt-18.jpeg\" alt=\"logo_cgt\" \/>\u00a0\u00a0 <strong>Je, Tu, UL\u2026<\/strong>\u00a0 <strong>D\u00e9but Mai 2008<\/strong>\u00a0 <strong>N\u00b0 15<\/strong><\/p>\n<p><em>\u00ab\u00a0RGPP\u00a0: le seul poste \u00e0 supprimer, c\u2019est celui de l\u2019Elys\u00e9e\u00a0!\u00bb<\/em><\/p>\n<p><strong>TROIS FRERES ET QUATRE REGULARISATIONS\u00a0!<\/strong> 205, Rue de Paris \/ 1, Rue du Sergent Godefroy \u2013 Aux restaurants \u00ab\u00a0Les 3 Fr\u00e8res\u00a0\u00bb et \u00ab\u00a0Au Jardin de Montreuil\u00a0\u00bb, la recette mobilisation &#8211; intervention CGT a livr\u00e9 toute sa saveur. La pr\u00e9fecture du 93 vient de remettre 4 r\u00e9cipiss\u00e9s \u00e0 nos camarades montreuillois en attendant la fabrication, en cours, des cartes de s\u00e9jour informatis\u00e9es (surchauffe dans les cuisines pr\u00e9fectorales\u00a0?).<\/p>\n<p><strong>ORTIES AU CFA\u00a0:<\/strong> 16, Rue Paul Doumer \u2013 Les formateurs non titulaires du Centre de Formation des Apprentis des M\u00e9tiers de l\u2019Horticulture de Montreuil sont inquiets pour leur avenir\u00a0: les salaires vot\u00e9s en 2005 par le Conseil G\u00e9n\u00e9ral, leur employeur, ne sont toujours pas vers\u00e9s\u00a0; les courriers adress\u00e9s en 2007 et 2008 n\u2019ont toujours pas re\u00e7u de r\u00e9ponse, et leur statut ne cesse de se d\u00e9grader. La question va bient\u00f4t se poser de savoir si le Conseil G\u00e9n\u00e9ral sait encore qu\u2019ils existent\u00a0!<\/p>\n<p><strong>EN-TEMPS MAIS N\u2019ECOUTE PAS\u00a0:<\/strong> 40, Boulevard Paul Vaillant Couturier \u2013 La direction de l\u2019association EN-TEMPS veut mettre en place une heure d\u2019information patronale, consid\u00e9rant dans une \u00ab\u00a0note au personnel\u00a0\u00bb sign\u00e9e du directeur, que le tract de la section CGT introduirait un \u00ab\u00a0brouillage nuisible au dialogue n\u00e9cessaire\u00a0\u00bb. Et de proposer une \u00ab\u00a0rencontre\u00a0\u00bb pour expliquer pourquoi, comment\u2026 il a fait \u00e9chouer les n\u00e9gociations\u00a0? Encore un qui va se r\u00e9clamer de la repr\u00e9sentativit\u00e9 syndicale\u00a0!<\/p>\n<p><strong>ALERTEZ LES B\u00c9B\u00c9S\u00a0! :<\/strong> 2-4 Place du 14 Juillet \u2013 A la cr\u00e8che parentale Les Mamans Poules, le transfert des locaux de la cr\u00e8che semble plus facile que celui des contrats de travail du personnel. Modifications d\u2019horaires unilat\u00e9rales, sanctions disciplinaires ciblent particuli\u00e8rement les plus anciennes dans le but \u00e9vident de les faire craquer. Mamans poules, pr\u00e9sidente pas cool\u00a0!<\/p>\n<p><strong>BIENVENUE AUX CH\u2019TIS SANS PAPIERS\u00a0! :<\/strong> La marche des Sans Papiers du Nord de Lille \u00e0 Paris passait, ce lundi 05 mai, par Montreuil. L\u2019occasion pour la CGT, co-organisatrice de cette marche, de souhaiter la bienvenue \u00e0 ces ch\u2019tis camarades autour d\u2019un pot solidaire et fraternel \u00e0 la Bourse du Travail. Un peu de douceur dans un monde de brutes\u2026<\/p>\n","protected":false},"excerpt":{"rendered":"<p>&nbsp; Les br\u00e8ves de l\u2019UL CGT de Montreuil, 24, rue de Paris \u00a0\u00a0 Je, Tu, UL\u2026\u00a0 D\u00e9but Mai 2008\u00a0 N\u00b0 15 \u00ab\u00a0RGPP\u00a0: le seul poste \u00e0 supprimer, c\u2019est celui de l\u2019Elys\u00e9e\u00a0!\u00bb TROIS FRERES ET QUATRE REGULARISATIONS\u00a0! 205, Rue de Paris \/ 1, Rue du Sergent Godefroy \u2013 Aux restaurants \u00ab\u00a0Les 3 Fr\u00e8res\u00a0\u00bb et \u00ab\u00a0Au Jardin &hellip; <\/p>\n","protected":false},"author":1,"featured_media":0,"comment_status":"closed","ping_status":"open","sticky":false,"template":"","format":"standard","meta":{"footnotes":""},"categories":[2],"tags":[],"class_list":{"0":"entry","1":"post","2":"publish","3":"author-ulmontreuil","4":"post-387","6":"format-standard","7":"category-je-tu-ul"},"_links":{"self":[{"href":"https:\/\/www.lacgtmontreuil.fr\/index.php?rest_route=\/wp\/v2\/posts\/387","targetHints":{"allow":["GET"]}}],"collection":[{"href":"https:\/\/www.lacgtmontreuil.fr\/index.php?rest_route=\/wp\/v2\/posts"}],"about":[{"href":"https:\/\/www.lacgtmontreuil.fr\/index.php?rest_route=\/wp\/v2\/types\/post"}],"author":[{"embeddable":true,"href":"https:\/\/www.lacgtmontreuil.fr\/index.php?rest_route=\/wp\/v2\/users\/1"}],"replies":[{"embeddable":true,"href":"https:\/\/www.lacgtmontreuil.fr\/index.php?rest_route=%2Fwp%2Fv2%2Fcomments&post=387"}],"version-history":[{"count":1,"href":"https:\/\/www.lacgtmontreuil.fr\/index.php?rest_route=\/wp\/v2\/posts\/387\/revisions"}],"predecessor-version":[{"id":389,"href":"https:\/\/www.lacgtmontreuil.fr\/index.php?rest_route=\/wp\/v2\/posts\/387\/revisions\/389"}],"wp:attachment":[{"href":"https:\/\/www.lacgtmontreuil.fr\/index.php?rest_route=%2Fwp%2Fv2%2Fmedia&parent=387"}],"wp:term":[{"taxonomy":"category","embeddable":true,"href":"https:\/\/www.lacgtmontreuil.fr\/index.php?rest_route=%2Fwp%2Fv2%2Fcategories&post=387"},{"taxonomy":"post_tag","embeddable":true,"href":"https:\/\/www.lacgtmontreuil.fr\/index.php?rest_route=%2Fwp%2Fv2%2Ftags&post=387"}],"curies":[{"name":"wp","href":"https:\/\/api.w.org\/{rel}","templated":true}]}}