{"id":3841,"date":"2019-11-28T23:04:18","date_gmt":"2019-11-28T22:04:18","guid":{"rendered":"http:\/\/www.lacgtmontreuil.fr\/?p=3841"},"modified":"2020-07-18T13:40:14","modified_gmt":"2020-07-18T11:40:14","slug":"mobilisation-tres-reussie-aux-nouveaux-robinson","status":"publish","type":"post","link":"https:\/\/www.lacgtmontreuil.fr\/?p=3841","title":{"rendered":"Mobilisation tr\u00e8s r\u00e9ussie aux nouveaux Robinson"},"content":{"rendered":"<p>\u00ab\u00a0Pour information, nous avons commenc\u00e9 \u00e0 6h30 termin\u00e9 \u00e0 18h45.<br \/>\nEn nombre maximum nous avons \u00e9t\u00e9 entre 50 et 60, un triomphe !!<br \/>\nNous avons \u00e9t\u00e9 re\u00e7us par la direction \u00e0 15h30, leur r\u00e9ponse \u00e0 nos revendications n\u2019est ni claire ni d\u00e9finitive et report\u00e9e \u00e0 l\u2019avant derni\u00e8re r\u00e9union NAO du vendredi 29&#8230; les coll\u00e8gues sont pr\u00eats \u00e0 une deuxi\u00e8me journ\u00e9e de mobilisation d\u00e8s le samedi 30&#8230;\u00a0\u00bb<\/p>\n<p>Lire le communiqu\u00e9 de la F\u00e9d\u00e9ration du Commerce : \u00ab\u00a0<a href=\"https:\/\/www.lacgtmontreuil.fr\/wp-content\/uploads\/2019\/11\/CP-Les-nouveaux-robinson-montreuil-en-gr\u00e8ve-.pdf\" target=\"_blank\" rel=\"noopener\">Les nouveaux robinson Montreuil en gr\u00e8ve\u00a0\u00bb.<\/a><\/p>\n<p><a href=\"https:\/\/www.lacgtmontreuil.fr\/wp-content\/uploads\/2019\/11\/IMG_2823.jpg\"><img loading=\"lazy\" decoding=\"async\" class=\"aligncenter wp-image-3853\" src=\"https:\/\/www.lacgtmontreuil.fr\/wp-content\/uploads\/2019\/11\/IMG_2823-1024x768.jpg\" alt=\"\" width=\"441\" height=\"331\" srcset=\"https:\/\/www.lacgtmontreuil.fr\/wp-content\/uploads\/2019\/11\/IMG_2823-1024x768.jpg 1024w, https:\/\/www.lacgtmontreuil.fr\/wp-content\/uploads\/2019\/11\/IMG_2823-300x225.jpg 300w, https:\/\/www.lacgtmontreuil.fr\/wp-content\/uploads\/2019\/11\/IMG_2823-768x576.jpg 768w, https:\/\/www.lacgtmontreuil.fr\/wp-content\/uploads\/2019\/11\/IMG_2823.jpg 1632w\" sizes=\"auto, (max-width: 441px) 100vw, 441px\" \/><\/a><a href=\"https:\/\/www.lacgtmontreuil.fr\/wp-content\/uploads\/2019\/11\/IMG_2821.jpg\"><img loading=\"lazy\" decoding=\"async\" class=\"aligncenter wp-image-3847\" src=\"https:\/\/www.lacgtmontreuil.fr\/wp-content\/uploads\/2019\/11\/IMG_2821-1024x768.jpg\" alt=\"\" width=\"442\" height=\"332\" srcset=\"https:\/\/www.lacgtmontreuil.fr\/wp-content\/uploads\/2019\/11\/IMG_2821-1024x768.jpg 1024w, https:\/\/www.lacgtmontreuil.fr\/wp-content\/uploads\/2019\/11\/IMG_2821-300x225.jpg 300w, https:\/\/www.lacgtmontreuil.fr\/wp-content\/uploads\/2019\/11\/IMG_2821-768x576.jpg 768w\" sizes=\"auto, (max-width: 442px) 100vw, 442px\" \/><\/a><\/p>\n","protected":false},"excerpt":{"rendered":"<p>\u00ab\u00a0Pour information, nous avons commenc\u00e9 \u00e0 6h30 termin\u00e9 \u00e0 18h45. En nombre maximum nous avons \u00e9t\u00e9 entre 50 et 60, un triomphe !! Nous avons \u00e9t\u00e9 re\u00e7us par la direction \u00e0 15h30, leur r\u00e9ponse \u00e0 nos revendications n\u2019est ni claire ni d\u00e9finitive et report\u00e9e \u00e0 l\u2019avant derni\u00e8re r\u00e9union NAO du vendredi 29&#8230; les coll\u00e8gues sont &hellip; <\/p>\n","protected":false},"author":1,"featured_media":0,"comment_status":"closed","ping_status":"open","sticky":false,"template":"","format":"standard","meta":{"footnotes":""},"categories":[14],"tags":[],"class_list":{"0":"entry","1":"post","2":"publish","3":"author-ulmontreuil","4":"post-3841","6":"format-standard","7":"category-photo_video"},"_links":{"self":[{"href":"https:\/\/www.lacgtmontreuil.fr\/index.php?rest_route=\/wp\/v2\/posts\/3841","targetHints":{"allow":["GET"]}}],"collection":[{"href":"https:\/\/www.lacgtmontreuil.fr\/index.php?rest_route=\/wp\/v2\/posts"}],"about":[{"href":"https:\/\/www.lacgtmontreuil.fr\/index.php?rest_route=\/wp\/v2\/types\/post"}],"author":[{"embeddable":true,"href":"https:\/\/www.lacgtmontreuil.fr\/index.php?rest_route=\/wp\/v2\/users\/1"}],"replies":[{"embeddable":true,"href":"https:\/\/www.lacgtmontreuil.fr\/index.php?rest_route=%2Fwp%2Fv2%2Fcomments&post=3841"}],"version-history":[{"count":4,"href":"https:\/\/www.lacgtmontreuil.fr\/index.php?rest_route=\/wp\/v2\/posts\/3841\/revisions"}],"predecessor-version":[{"id":3862,"href":"https:\/\/www.lacgtmontreuil.fr\/index.php?rest_route=\/wp\/v2\/posts\/3841\/revisions\/3862"}],"wp:attachment":[{"href":"https:\/\/www.lacgtmontreuil.fr\/index.php?rest_route=%2Fwp%2Fv2%2Fmedia&parent=3841"}],"wp:term":[{"taxonomy":"category","embeddable":true,"href":"https:\/\/www.lacgtmontreuil.fr\/index.php?rest_route=%2Fwp%2Fv2%2Fcategories&post=3841"},{"taxonomy":"post_tag","embeddable":true,"href":"https:\/\/www.lacgtmontreuil.fr\/index.php?rest_route=%2Fwp%2Fv2%2Ftags&post=3841"}],"curies":[{"name":"wp","href":"https:\/\/api.w.org\/{rel}","templated":true}]}}