{"id":384,"date":"2018-01-16T18:33:28","date_gmt":"2018-01-16T17:33:28","guid":{"rendered":"http:\/\/www.lacgtmontreuil.fr\/?p=384"},"modified":"2018-01-16T18:33:28","modified_gmt":"2018-01-16T17:33:28","slug":"je-tu-ul-fin-avril-2008-n-14","status":"publish","type":"post","link":"https:\/\/www.lacgtmontreuil.fr\/?p=384","title":{"rendered":"Je, Tu, UL\u2026  Fin Avril 2008  N\u00b0 14"},"content":{"rendered":"<p>&nbsp;<\/p>\n<p><strong> Les br\u00e8ves de l\u2019UL CGT de Montreuil, 24, rue de Paris<\/strong><\/p>\n<p><img loading=\"lazy\" decoding=\"async\" width=\"109\" height=\"155\" class=\"wp-image-385\" src=\"https:\/\/www.lacgtmontreuil.fr\/wp-content\/uploads\/2018\/01\/logo_cgt-17.jpeg\" alt=\"logo_cgt\" \/>\u00a0\u00a0 <strong>Je, Tu, UL\u2026<\/strong>\u00a0 <strong>Fin Avril 2008\u00a0 N\u00b0 14<\/strong><\/p>\n<p><em>\u00ab\u00a0Ils pourront couper toutes les fleurs, <\/em><\/p>\n<p><em>Ils n\u2019emp\u00eacheront pas la venue du Printemps\u00bb<\/em><\/p>\n<p><strong>MERCI PATRON\u00a0!\u00a0:<\/strong> Place Jean Jaur\u00e9s \u2013 A la Mairie, le syndicat CGT \u00e9tait intervenu aupr\u00e8s de Madame le Maire pour lui rappeler que le Jeudi de l\u2019Ascension tombant cette ann\u00e9e le m\u00eame jour que le 1<sup>er<\/sup> Mai, plusieurs textes et d\u00e9cisions de justice obligeaient les employeurs \u00e0 restituer un jour de cong\u00e9 pour que cela fasse bien 9 sur l\u2019ann\u00e9e. R\u00e9ponse par note de service\u00a0: \u00ab\u00a0J\u2019ai d\u00e9cid\u00e9 (\u2026) de vous accorder une journ\u00e9e de cong\u00e9 suppl\u00e9mentaire\u00a0\u00bb. Merci qui\u00a0? Merci patron\u00a0?!<\/p>\n<p><strong>LE CHI EN DANGER\u00a0:<\/strong> 56, Boulevard Boissi\u00e8re \u2013 Au CHI Andr\u00e9 Gr\u00e9goire, les th\u00e9rapies de choc, on conna\u00eet\u00a0! Chaque montreuillois garde en m\u00e9moire la formidable mobilisation qui avait permis la sauvegarde du service Cardiologie. Avec la RGPP (R\u00e9vision G\u00e9n\u00e9rale des Politiques Publiques) c\u2019est tout l\u2019h\u00f4pital qui se trouve cette fois menac\u00e9 de fermeture. La CGT pr\u00e9pare d\u2019ores et d\u00e9j\u00e0 la riposte avec l\u2019ensemble des acteurs.<\/p>\n<p><strong>L\u2019AGIFE QUI SE PERD\u00a0?:<\/strong> 2, Rue du Docteur Brandon \u2013 Suite logique du scandale des deux aides-comptables r\u00e9mun\u00e9r\u00e9es 4\u20ac de l\u2019heure, se tenait ce 25 avril l\u2019audience aux Prud\u2019hommes de Bobigny. Les deux salari\u00e9es ont pu exposer leur quotidien d\u2019esclaves modernes\u00a0: travail au domicile du patron, pas de contrat, pas de fiches de paie, un travail \u00e0 temps plein au noir d\u00e9clar\u00e9 \u00e0 mi-temps, salaire horaire de 4\u20ac pendant deux ans\u2026 A quoi le patron a r\u00e9pondu \u00ab\u00a0C\u2019est moi qui suis la victime de cette histoire\u00a0\u00bb\u2026 Pauvre homme, va\u00a0!<\/p>\n<p><strong>DEMOLITION, PAS DEMOBILISATION\u00a0:<\/strong> 3 Bis, Rue des Batteries \u2013 Chez GRIALLET, entreprise de terrassement et de d\u00e9molition install\u00e9e aux Ruffins, les d\u00e9l\u00e9gu\u00e9s CGT pr\u00e9parent le 3<sup>\u00e8me<\/sup> tour des \u00e9lections apr\u00e8s l\u2019annulation par le Tribunal d\u2019Instance des deux premi\u00e8res pour irr\u00e9gularit\u00e9s. Mais d\u00e9j\u00e0 le patron s\u2019inqui\u00e8te en \u00e9crivant \u00e0 la CGT que \u00ab\u00a0les ouvriers ne savent peut-\u00eatre pas qu\u2019il faut voter pour un titulaire et un suppl\u00e9ant\u00a0\u00bb\u2026 Ben voyons\u00a0!<\/p>\n<p><strong>UN 1<sup>er<\/sup> MAI DE RESISTANCE\u00a0:<\/strong> Comme chaque ann\u00e9e, L\u2019UL CGT organise \u00e0 Montreuil un barbecue fraternel avant la manifestation \u00e0 R\u00e9publique. Mais pour la premi\u00e8re fois, la Mairie nous refuse le local du Centre de Loisirs R\u00e9sistance, sans fournir la moindre raison\u2026 Et nous propose le Centre Pauline KERGOMAR, situ\u00e9 32-34 Rue Robespierre (M\u00b0 ROBESPIERRE). Rendez-vous donc \u00e0 12h au Centre Kergomar avant d\u00e9part \u00e0 14h00 pour la manif.<\/p>\n","protected":false},"excerpt":{"rendered":"<p>&nbsp; Les br\u00e8ves de l\u2019UL CGT de Montreuil, 24, rue de Paris \u00a0\u00a0 Je, Tu, UL\u2026\u00a0 Fin Avril 2008\u00a0 N\u00b0 14 \u00ab\u00a0Ils pourront couper toutes les fleurs, Ils n\u2019emp\u00eacheront pas la venue du Printemps\u00bb MERCI PATRON\u00a0!\u00a0: Place Jean Jaur\u00e9s \u2013 A la Mairie, le syndicat CGT \u00e9tait intervenu aupr\u00e8s de Madame le Maire pour lui &hellip; <\/p>\n","protected":false},"author":1,"featured_media":0,"comment_status":"closed","ping_status":"open","sticky":false,"template":"","format":"standard","meta":{"footnotes":""},"categories":[2],"tags":[],"class_list":{"0":"entry","1":"post","2":"publish","3":"author-ulmontreuil","4":"post-384","6":"format-standard","7":"category-je-tu-ul"},"_links":{"self":[{"href":"https:\/\/www.lacgtmontreuil.fr\/index.php?rest_route=\/wp\/v2\/posts\/384","targetHints":{"allow":["GET"]}}],"collection":[{"href":"https:\/\/www.lacgtmontreuil.fr\/index.php?rest_route=\/wp\/v2\/posts"}],"about":[{"href":"https:\/\/www.lacgtmontreuil.fr\/index.php?rest_route=\/wp\/v2\/types\/post"}],"author":[{"embeddable":true,"href":"https:\/\/www.lacgtmontreuil.fr\/index.php?rest_route=\/wp\/v2\/users\/1"}],"replies":[{"embeddable":true,"href":"https:\/\/www.lacgtmontreuil.fr\/index.php?rest_route=%2Fwp%2Fv2%2Fcomments&post=384"}],"version-history":[{"count":1,"href":"https:\/\/www.lacgtmontreuil.fr\/index.php?rest_route=\/wp\/v2\/posts\/384\/revisions"}],"predecessor-version":[{"id":386,"href":"https:\/\/www.lacgtmontreuil.fr\/index.php?rest_route=\/wp\/v2\/posts\/384\/revisions\/386"}],"wp:attachment":[{"href":"https:\/\/www.lacgtmontreuil.fr\/index.php?rest_route=%2Fwp%2Fv2%2Fmedia&parent=384"}],"wp:term":[{"taxonomy":"category","embeddable":true,"href":"https:\/\/www.lacgtmontreuil.fr\/index.php?rest_route=%2Fwp%2Fv2%2Fcategories&post=384"},{"taxonomy":"post_tag","embeddable":true,"href":"https:\/\/www.lacgtmontreuil.fr\/index.php?rest_route=%2Fwp%2Fv2%2Ftags&post=384"}],"curies":[{"name":"wp","href":"https:\/\/api.w.org\/{rel}","templated":true}]}}