{"id":377,"date":"2018-01-16T18:27:37","date_gmt":"2018-01-16T17:27:37","guid":{"rendered":"http:\/\/www.lacgtmontreuil.fr\/?p=377"},"modified":"2018-01-16T18:27:37","modified_gmt":"2018-01-16T17:27:37","slug":"je-tu-ul-fin-mars-2008-n-12","status":"publish","type":"post","link":"https:\/\/www.lacgtmontreuil.fr\/?p=377","title":{"rendered":"Je, Tu, UL\u2026  Fin Mars 2008  N\u00b0 12"},"content":{"rendered":"<p>&nbsp;<\/p>\n<p><strong> Les br\u00e8ves de l\u2019UL CGT de Montreuil, 24, rue de Paris<\/strong><\/p>\n<p><img loading=\"lazy\" decoding=\"async\" width=\"109\" height=\"155\" class=\"wp-image-378\" src=\"https:\/\/www.lacgtmontreuil.fr\/wp-content\/uploads\/2018\/01\/logo_cgt-15.jpeg\" alt=\"logo_cgt\" \/>\u00a0\u00a0 <strong>Je, Tu, UL\u2026<\/strong>\u00a0 <strong>Fin Mars 2008<\/strong>\u00a0 <strong>N\u00b0 12<\/strong><\/p>\n<p><em>\u00ab\u00a0L\u2019UIMM \u00e0 fond la caisse\u00a0? Le printemps sera fluide\u2026\u00a0\u00bb<\/em><\/p>\n<p><strong>SANS-PAPIERE CHEZ JEAN-PIERRE :<\/strong> 60, Rue de la R\u00e9publique \u2013 Au Centre Jean-Pierre TIMBAUD, la solidarit\u00e9 CGT a jou\u00e9 \u00e0 plein pour Laure DIALLO. Le syndicat a obtenu sa r\u00e9gularisation et la promesse qu\u2019elle retrouvera son poste. Des collectes ont permis de soulager la perte de salaire que son ancienne situation administrative lui avait caus\u00e9e.<\/p>\n<p><strong>LE CNE K.O. :<\/strong> 24, Rue de Paris \u2013 A l\u2019UL-CGT de Montreuil, on ne se contente pas du succ\u00e8s que repr\u00e9sente l\u2019abrogation du CNE. On agit aussi pour sa requalification en CDI en mettant \u00e0 disposition des ex-CNE de Montreuil un n\u00b0 Indigo (9cts la minute) pour r\u00e9pondre et conseiller\u00a0: 0\u00a0820 20 70 33. Et ce, jusqu\u2019\u00e0 extinction du dernier CNE\u00a0!<\/p>\n<p><strong>MOBILISATION EN FORMATION:<\/strong> 13, Place du G\u00e9n\u00e9ral-De-Gaule \u2013 338 repr\u00e9sentants des personnels de l\u2019AFPA se sont r\u00e9unis le 18 mars pour faire le point sur les multiples attaques du Minist\u00e8re du Travail contre le service public de la formation professionnelle. Les d\u00e9l\u00e9gu\u00e9s ont r\u00e9affirm\u00e9 leur rejet d\u2019une mise de l\u2019AFPA sur le march\u00e9 concurrentiel\u00a0: in\u00e9galit\u00e9 d\u2019acc\u00e8s et de traitement selon les r\u00e9gions, fermetures de centre, plans de licenciement rampants et pr\u00e9carit\u00e9, mobilit\u00e9s g\u00e9ographiques impos\u00e9es etc\u2026 La date du 29 mai a \u00e9t\u00e9 retenue pour une journ\u00e9e \u00ab\u00a0centres morts\u00a0\u00bb et d\u2019autres actions coordonn\u00e9es seront arr\u00eat\u00e9es courant Avril. Du travail de pro\u00a0!<\/p>\n<p><strong>4 EUROS DE L\u2019HEURE\u00a0:<\/strong> 2, Rue du Dr Brandon \u2013 A l\u2019AGIFE, c\u2019est le tarif appliqu\u00e9 depuis plus de 2 ans aux aides-comptables de ce cabinet de gestion. Deux d\u2019entre elles ont fait \u00e9clater le scandale en s\u2019organisant avec la CGT et en saisissant le Conseil des Prud\u2019hommes. On comprend mieux pourquoi le K Bis de cette entreprise montreuilloise s\u2019ach\u00e8ve sur cette formule\u00a0: \u00ab\u00a0Mode d\u2019exploitation\u00a0: exploitation directe\u00a0\u00bb\u00a0!<\/p>\n<p><strong>PAS REA\u2026LISTE\u00a0:<\/strong> 57, Rue Armand Carrel \u2013 REA, filiale garages de Renault, est visiblement f\u00e2ch\u00e9e avec les \u00e9lections. Apr\u00e8s une premi\u00e8re annulation des \u00e9lections professionnelles par le Tribunal d\u2019Instance de Montreuil en 2007, la direction est \u00e0 nouveau convoqu\u00e9e \u00e0 la demande de la CGT qui conteste la mise en place du CHSCT. Curieux hasard\u00a0: la liste CGT avait \u00e9t\u00e9 \u00e9vinc\u00e9e\u2026<\/p>\n","protected":false},"excerpt":{"rendered":"<p>&nbsp; Les br\u00e8ves de l\u2019UL CGT de Montreuil, 24, rue de Paris \u00a0\u00a0 Je, Tu, UL\u2026\u00a0 Fin Mars 2008\u00a0 N\u00b0 12 \u00ab\u00a0L\u2019UIMM \u00e0 fond la caisse\u00a0? Le printemps sera fluide\u2026\u00a0\u00bb SANS-PAPIERE CHEZ JEAN-PIERRE : 60, Rue de la R\u00e9publique \u2013 Au Centre Jean-Pierre TIMBAUD, la solidarit\u00e9 CGT a jou\u00e9 \u00e0 plein pour Laure DIALLO. Le &hellip; <\/p>\n","protected":false},"author":1,"featured_media":0,"comment_status":"closed","ping_status":"open","sticky":false,"template":"","format":"standard","meta":{"footnotes":""},"categories":[2],"tags":[],"class_list":{"0":"entry","1":"post","2":"publish","3":"author-ulmontreuil","4":"post-377","6":"format-standard","7":"category-je-tu-ul"},"_links":{"self":[{"href":"https:\/\/www.lacgtmontreuil.fr\/index.php?rest_route=\/wp\/v2\/posts\/377","targetHints":{"allow":["GET"]}}],"collection":[{"href":"https:\/\/www.lacgtmontreuil.fr\/index.php?rest_route=\/wp\/v2\/posts"}],"about":[{"href":"https:\/\/www.lacgtmontreuil.fr\/index.php?rest_route=\/wp\/v2\/types\/post"}],"author":[{"embeddable":true,"href":"https:\/\/www.lacgtmontreuil.fr\/index.php?rest_route=\/wp\/v2\/users\/1"}],"replies":[{"embeddable":true,"href":"https:\/\/www.lacgtmontreuil.fr\/index.php?rest_route=%2Fwp%2Fv2%2Fcomments&post=377"}],"version-history":[{"count":1,"href":"https:\/\/www.lacgtmontreuil.fr\/index.php?rest_route=\/wp\/v2\/posts\/377\/revisions"}],"predecessor-version":[{"id":379,"href":"https:\/\/www.lacgtmontreuil.fr\/index.php?rest_route=\/wp\/v2\/posts\/377\/revisions\/379"}],"wp:attachment":[{"href":"https:\/\/www.lacgtmontreuil.fr\/index.php?rest_route=%2Fwp%2Fv2%2Fmedia&parent=377"}],"wp:term":[{"taxonomy":"category","embeddable":true,"href":"https:\/\/www.lacgtmontreuil.fr\/index.php?rest_route=%2Fwp%2Fv2%2Fcategories&post=377"},{"taxonomy":"post_tag","embeddable":true,"href":"https:\/\/www.lacgtmontreuil.fr\/index.php?rest_route=%2Fwp%2Fv2%2Ftags&post=377"}],"curies":[{"name":"wp","href":"https:\/\/api.w.org\/{rel}","templated":true}]}}