{"id":371,"date":"2018-01-16T18:20:09","date_gmt":"2018-01-16T17:20:09","guid":{"rendered":"http:\/\/www.lacgtmontreuil.fr\/?p=371"},"modified":"2018-01-16T18:20:09","modified_gmt":"2018-01-16T17:20:09","slug":"je-tu-ul-debut-mars-2008-n-11","status":"publish","type":"post","link":"https:\/\/www.lacgtmontreuil.fr\/?p=371","title":{"rendered":"Je, Tu, UL\u2026  D\u00e9but Mars 2008  N\u00b0 11"},"content":{"rendered":"<p>&nbsp;<\/p>\n<p><strong> Les br\u00e8ves de l\u2019UL CGT de Montreuil, 24, rue de Paris<\/strong><\/p>\n<p><img loading=\"lazy\" decoding=\"async\" width=\"109\" height=\"155\" class=\"wp-image-372\" src=\"https:\/\/www.lacgtmontreuil.fr\/wp-content\/uploads\/2018\/01\/logo_cgt-13.jpeg\" alt=\"logo_cgt\" \/><\/p>\n<p><em>\u00ab\u00a0C\u2019est l\u2019hiver au MEDEF. Gare au rUIMM du cerveau\u00a0\u00bb<\/em><\/p>\n<p><strong>MORTELLE PRESSION A LA BNP :<\/strong> Daniel, conseiller financier \u00e0 la BNP, s\u2019est pendu le 21 janvier dans son agence BNP laissant une veuve et deux enfants en proie \u00e0 un immense chagrin. Trois jours auparavant, il avait \u00e9t\u00e9 convoqu\u00e9 par sa direction qui lui reprochait de ne pas \u00e9couler suffisamment de produits financiers \u00e0 risque. La menace d\u2019une mutation g\u00e9ographique avait \u00e9t\u00e9 \u00e9voqu\u00e9e. Sa femme a port\u00e9 plainte contre X et la CGT BNP de Montreuil s\u2019est dite pr\u00eate \u00e0 se porter partie civile afin que toute la v\u00e9rit\u00e9 soit faite et que jamais plus de tels faits ne se reproduisent.<\/p>\n<p><strong>JANOS N\u2019A PAS DIT ADIOS :<\/strong> 16 bis, Rue Fran\u00e7ois Arago \u2013 Les b\u00e2timents bleus cachaient les machines \u00e0 coudre de la soci\u00e9t\u00e9 JANOS. Le pass\u00e9 est de rigueur, puisque dans la nuit du 02 mars, le patron est parti avec les machines, laissant une ardoise de 2 mois de salaire aux 13 m\u00e9canicien(ne)s de confection qui y travaillaient. La CGT a aussit\u00f4t port\u00e9 les 13 dossiers devant les Prud\u2019hommes de Bobigny\u00a0: JANOS, on se retrouvera\u00a0!<\/p>\n<p><strong>LES RETRAIT\u00c9S FONT DE LA R\u00c9SISTANCE !\u00a0:<\/strong> 50, Avenue de la R\u00e9sistance \u2013 Au centre de loisirs R\u00e9sistance, le syndicat CGT des territoriaux organisait, ce lundi 12 mars, un d\u00e9bat autour de l\u2019avenir des retraites. En ligne de mire\u00a0: la mobilisation unitaire du 29 mars pour la d\u00e9fense du droit \u00e0 la retraite \u00e0 taux plein d\u00e8s 60 ans. Quant aux retrait\u00e9s CGT, ils ont recueilli plus de 240 signatures sur leur p\u00e9tition devant le Monoprix. De bon augure pour les luttes \u00e0 venir.<\/p>\n<p><strong>SUPER-UBU\u00a0:<\/strong> 170, Rue de la Nouvelle France \u2013 A l\u2019enseigne Super U, le directeur se vante d\u2019avoir \u00e9limin\u00e9 les deux tiers des salari\u00e9s embauch\u00e9s \u00e0 l\u2019ouverture du magasin. Trois d\u2019entre elles viennent (encore\u00a0!) d\u2019obtenir condamnation de ce \u00ab\u00a0nouveau commer\u00e7ant\u00a0\u00bb devant le Conseil des Prud\u2019hommes. Salima et Corinne, d\u00e9fendues par la CGT, font sanctionner leur licenciement abusif et Corinne r\u00e9cup\u00e8re un rappel de salaire. A quand une carte de fid\u00e9lit\u00e9 au Conseil des Prud\u2019hommes pour ce patron voyou\u00a0?<\/p>\n<p><strong>AIDE PAR LE SYNDICAT\u00a0:<\/strong> 8, Rue Saint-Just \u2013 L\u2019AFASER g\u00e8re un ESAT ou Etablissement et Service d\u2019Aide par le Travail. Dor\u00e9navant, il faudra aussi compter avec l\u2019aide par le syndicat avec la d\u00e9signation de Corinne KENAIP comme d\u00e9l\u00e9gu\u00e9e syndicale CGT et la pr\u00e9sentation d\u2019une liste CGT compl\u00e8te pour l\u2019\u00e9lection du 21 mars 2008.<\/p>\n","protected":false},"excerpt":{"rendered":"<p>&nbsp; Les br\u00e8ves de l\u2019UL CGT de Montreuil, 24, rue de Paris \u00ab\u00a0C\u2019est l\u2019hiver au MEDEF. Gare au rUIMM du cerveau\u00a0\u00bb MORTELLE PRESSION A LA BNP : Daniel, conseiller financier \u00e0 la BNP, s\u2019est pendu le 21 janvier dans son agence BNP laissant une veuve et deux enfants en proie \u00e0 un immense chagrin. Trois &hellip; <\/p>\n","protected":false},"author":1,"featured_media":0,"comment_status":"closed","ping_status":"open","sticky":false,"template":"","format":"standard","meta":{"footnotes":""},"categories":[2],"tags":[],"class_list":{"0":"entry","1":"post","2":"publish","3":"author-ulmontreuil","4":"post-371","6":"format-standard","7":"category-je-tu-ul"},"_links":{"self":[{"href":"https:\/\/www.lacgtmontreuil.fr\/index.php?rest_route=\/wp\/v2\/posts\/371","targetHints":{"allow":["GET"]}}],"collection":[{"href":"https:\/\/www.lacgtmontreuil.fr\/index.php?rest_route=\/wp\/v2\/posts"}],"about":[{"href":"https:\/\/www.lacgtmontreuil.fr\/index.php?rest_route=\/wp\/v2\/types\/post"}],"author":[{"embeddable":true,"href":"https:\/\/www.lacgtmontreuil.fr\/index.php?rest_route=\/wp\/v2\/users\/1"}],"replies":[{"embeddable":true,"href":"https:\/\/www.lacgtmontreuil.fr\/index.php?rest_route=%2Fwp%2Fv2%2Fcomments&post=371"}],"version-history":[{"count":1,"href":"https:\/\/www.lacgtmontreuil.fr\/index.php?rest_route=\/wp\/v2\/posts\/371\/revisions"}],"predecessor-version":[{"id":373,"href":"https:\/\/www.lacgtmontreuil.fr\/index.php?rest_route=\/wp\/v2\/posts\/371\/revisions\/373"}],"wp:attachment":[{"href":"https:\/\/www.lacgtmontreuil.fr\/index.php?rest_route=%2Fwp%2Fv2%2Fmedia&parent=371"}],"wp:term":[{"taxonomy":"category","embeddable":true,"href":"https:\/\/www.lacgtmontreuil.fr\/index.php?rest_route=%2Fwp%2Fv2%2Fcategories&post=371"},{"taxonomy":"post_tag","embeddable":true,"href":"https:\/\/www.lacgtmontreuil.fr\/index.php?rest_route=%2Fwp%2Fv2%2Ftags&post=371"}],"curies":[{"name":"wp","href":"https:\/\/api.w.org\/{rel}","templated":true}]}}