{"id":368,"date":"2018-01-16T18:16:05","date_gmt":"2018-01-16T17:16:05","guid":{"rendered":"http:\/\/www.lacgtmontreuil.fr\/?p=368"},"modified":"2018-01-16T18:16:05","modified_gmt":"2018-01-16T17:16:05","slug":"je-tu-ul-fin-fevrier-2008-n-10","status":"publish","type":"post","link":"https:\/\/www.lacgtmontreuil.fr\/?p=368","title":{"rendered":"Je, Tu, UL\u2026  Fin F\u00e9vrier 2008  N\u00b0 10"},"content":{"rendered":"<p>&nbsp;<\/p>\n<p><strong> Les br\u00e8ves de l\u2019UL CGT de Montreuil, 24, rue de Paris<\/strong><\/p>\n<p><img loading=\"lazy\" decoding=\"async\" width=\"109\" height=\"155\" class=\"wp-image-369\" src=\"https:\/\/www.lacgtmontreuil.fr\/wp-content\/uploads\/2018\/01\/logo_cgt-12.jpeg\" alt=\"logo_cgt\" \/>\u00a0\u00a0 <strong>Je, Tu, UL\u2026<\/strong>\u00a0 <strong>Fin F\u00e9vrier 2008<\/strong>\u00a0 <strong>N\u00b0 10<\/strong><\/p>\n<p><em>\u00ab\u00a0Travailler moins pour VIVRE PLUS\u00a0!\u00a0\u00bb<\/em><\/p>\n<p><strong>FROIDE VENGEANCE :<\/strong> 15, Place du G\u00e9n\u00e9ral De Gaulle \u2013 Leader Price avait licenci\u00e9 Cenet, caissi\u00e8re et ancienne gr\u00e9viste, pour \u00ab\u00a0refus de vider la chambre froide\u00a0\u00bb. Cenet vient de faire condamner Leader Price au Conseil des Prud\u2019hommes de Bobigny \u00e0 lui payer 16\u00a0537,76 \u20ac. Et la section CGT enregistre 2 nouvelles adh\u00e9sions dans le magasin\u2026 Tout augmente en 2008\u00a0!<\/p>\n<p><strong>URGENCES\u00a0! :<\/strong> 56 Boulevard de la Boissi\u00e8re \u2013 Au C.H.I. Andr\u00e9 Gr\u00e9goire, la CGT interpelle la direction sur les retards apport\u00e9s aux notations. Ainsi la CAPL (commission paritaire) de d\u00e9cembre 2007 n\u2019a toujours pas \u00e9t\u00e9 convoqu\u00e9e et c\u2019est donc le congr\u00e8s du syndicat qui a unanimement d\u00e9cid\u00e9 de passer outre la passivit\u00e9 des autres \u00e9lus, pour exiger des r\u00e9ponses pour les carri\u00e8res des agents.<\/p>\n<p><strong>GREVICULTURE :<\/strong> 16, Rue Paul Doumer \u2013 L\u2019information r\u00e9v\u00e9l\u00e9e par la CGT d\u2019un projet de suppression de 80 heures d\u2019enseignement pour l\u2019an prochain (\u00e9quivalente \u00e0 -4 postes d\u2019enseignant) a sem\u00e9 le trouble puis la col\u00e8re parmi les enseignants, \u00e9l\u00e8ves et parents du Lyc\u00e9e Horticole de Montreuil. Apr\u00e8s une rencontre infructueuse avec le Rectorat, les \u00e9l\u00e8ves ont spontan\u00e9ment d\u00e9cid\u00e9 de bloquer, deux jours durant, l\u2019acc\u00e8s au lyc\u00e9e horticole. Cette action a d\u00e9j\u00e0 permis de r\u00e9colter 10 heures suppl\u00e9mentaires. Mais la moisson se poursuit\u2026<\/p>\n<p><strong>DIALOGUE REPTILIEN\u00a0:<\/strong> 7, Rue Gutenberg \u2013 Chez TZF, le nouveau patron Monsieur COHEN se pr\u00e9sente au Comit\u00e9 d\u2019Entreprise avec un serpent. Curieux conseiller pour le dialogue social\u00a0! Mais le paroxysme est atteint lors de la s\u00e9ance du 21\/02 o\u00f9 en projetant son serpent vers une \u00e9lue du personnel, il lui cause un malaise avec 10 jours d\u2019arr\u00eat et paralysie faciale. La CGT a assur\u00e9 Annie SARFATY, d\u00e9l\u00e9gu\u00e9e CFDT, de son soutien et r\u00e9clame une r\u00e9ponse judiciaire \u00e0 cette insupportable agression.<\/p>\n<p><strong>BOULONS SERRES\u00a0:<\/strong> 52, Rue de la Ferme \u2013 LEVRAT \u00e9tait plus sp\u00e9cialiste des vis et des boulons que du droit du travail jusqu\u2019\u00e0 ce que\u2026 Premier tour de vis\u00a0: l\u2019UL CGT demande l\u2019\u00e9lection de d\u00e9l\u00e9gu\u00e9s et d\u2019un CE. Deuxi\u00e8me tour de vis\u00a0: la section syndicale CGT se constitue et d\u00e9signe Victor CARDOSO pour la repr\u00e9senter.<\/p>\n","protected":false},"excerpt":{"rendered":"<p>&nbsp; Les br\u00e8ves de l\u2019UL CGT de Montreuil, 24, rue de Paris \u00a0\u00a0 Je, Tu, UL\u2026\u00a0 Fin F\u00e9vrier 2008\u00a0 N\u00b0 10 \u00ab\u00a0Travailler moins pour VIVRE PLUS\u00a0!\u00a0\u00bb FROIDE VENGEANCE : 15, Place du G\u00e9n\u00e9ral De Gaulle \u2013 Leader Price avait licenci\u00e9 Cenet, caissi\u00e8re et ancienne gr\u00e9viste, pour \u00ab\u00a0refus de vider la chambre froide\u00a0\u00bb. Cenet vient de &hellip; <\/p>\n","protected":false},"author":1,"featured_media":0,"comment_status":"closed","ping_status":"open","sticky":false,"template":"","format":"standard","meta":{"footnotes":""},"categories":[2],"tags":[],"class_list":{"0":"entry","1":"post","2":"publish","3":"author-ulmontreuil","4":"post-368","6":"format-standard","7":"category-je-tu-ul"},"_links":{"self":[{"href":"https:\/\/www.lacgtmontreuil.fr\/index.php?rest_route=\/wp\/v2\/posts\/368","targetHints":{"allow":["GET"]}}],"collection":[{"href":"https:\/\/www.lacgtmontreuil.fr\/index.php?rest_route=\/wp\/v2\/posts"}],"about":[{"href":"https:\/\/www.lacgtmontreuil.fr\/index.php?rest_route=\/wp\/v2\/types\/post"}],"author":[{"embeddable":true,"href":"https:\/\/www.lacgtmontreuil.fr\/index.php?rest_route=\/wp\/v2\/users\/1"}],"replies":[{"embeddable":true,"href":"https:\/\/www.lacgtmontreuil.fr\/index.php?rest_route=%2Fwp%2Fv2%2Fcomments&post=368"}],"version-history":[{"count":1,"href":"https:\/\/www.lacgtmontreuil.fr\/index.php?rest_route=\/wp\/v2\/posts\/368\/revisions"}],"predecessor-version":[{"id":370,"href":"https:\/\/www.lacgtmontreuil.fr\/index.php?rest_route=\/wp\/v2\/posts\/368\/revisions\/370"}],"wp:attachment":[{"href":"https:\/\/www.lacgtmontreuil.fr\/index.php?rest_route=%2Fwp%2Fv2%2Fmedia&parent=368"}],"wp:term":[{"taxonomy":"category","embeddable":true,"href":"https:\/\/www.lacgtmontreuil.fr\/index.php?rest_route=%2Fwp%2Fv2%2Fcategories&post=368"},{"taxonomy":"post_tag","embeddable":true,"href":"https:\/\/www.lacgtmontreuil.fr\/index.php?rest_route=%2Fwp%2Fv2%2Ftags&post=368"}],"curies":[{"name":"wp","href":"https:\/\/api.w.org\/{rel}","templated":true}]}}