{"id":3676,"date":"2019-10-14T15:14:08","date_gmt":"2019-10-14T13:14:08","guid":{"rendered":"http:\/\/www.lacgtmontreuil.fr\/?p=3676"},"modified":"2019-10-14T15:14:08","modified_gmt":"2019-10-14T13:14:08","slug":"je-tu-ul-debut-septembre-2019-n339","status":"publish","type":"post","link":"https:\/\/www.lacgtmontreuil.fr\/?p=3676","title":{"rendered":"Je, Tu, UL\u2026 D\u00e9but Septembre 2019, N\u00b0339"},"content":{"rendered":"<p style=\"text-align: center;\"><a href=\"https:\/\/www.lacgtmontreuil.fr\/wp-content\/uploads\/2019\/01\/logo_cgt-ul-MONTREUIL-4.jpg\"><img loading=\"lazy\" decoding=\"async\" class=\"alignnone  wp-image-2768\" src=\"https:\/\/www.lacgtmontreuil.fr\/wp-content\/uploads\/2019\/01\/logo_cgt-ul-MONTREUIL-4-199x300.jpg\" alt=\"\" width=\"151\" height=\"228\" srcset=\"https:\/\/www.lacgtmontreuil.fr\/wp-content\/uploads\/2019\/01\/logo_cgt-ul-MONTREUIL-4-199x300.jpg 199w, https:\/\/www.lacgtmontreuil.fr\/wp-content\/uploads\/2019\/01\/logo_cgt-ul-MONTREUIL-4.jpg 476w\" sizes=\"auto, (max-width: 151px) 100vw, 151px\" \/><\/a><\/p>\n<hr \/>\n<h5 style=\"text-align: center;\"><span style=\"color: #ff0000;\"><strong>\u00ab\u00a0Tout le monde d\u00e9teste le G7\u2026 Et r\u00e9ciproquement\u00a0\u00bb<\/strong><\/span><\/h5>\n<p style=\"text-align: justify;\"><strong>UNE VICTOIRE, MAIS PAS DE TREVE\u00a0:<\/strong> 11, rue des Deux Communes \u2013 A la DOUANE, la longue lutte de cet \u00e9t\u00e9 se concr\u00e9tise avec un arr\u00eat\u00e9 au Journal Officiel qui fixe l\u2019indemnit\u00e9 de risques pour les fonctions de surveillance \u00e0 88 points d\u2019indice major\u00e9 au 1<sup>er<\/sup> novembre 2019, puis 90 points en 2020 et 92 en 2021. Un succ\u00e8s revendicatif qui n\u2019endort pas la CGT quand le Minist\u00e8re des Comptes Publics pr\u00e9tend supprimer 5800 emplois de fonctionnaire dans le m\u00eame temps, alors que le Brexit va exiger de nouveaux et importants contr\u00f4les. L\u2019intersyndicale appelle donc \u00e0 la gr\u00e8ve \u00e0 compter du 16 septembre, au sein du Minist\u00e8re.<\/p>\n<p style=\"text-align: justify;\"><strong>REPR\u00c9SENTATIVIT\u00c9 \u00c9LECTRONIQUE\u00a0:<\/strong> 240, rue de Rosny \u2013 Chez ICSB, c\u2019est en plein mois d\u2019ao\u00fbt et par vote \u00e9lectronique (la loi permettant \u00e0 l\u2019employeur de l\u2019imposer) que les salari\u00e9-e-s \u00e9lisaient leur CSE. Des modalit\u00e9s qui vont profiter \u00e0 la CGT qui obtient 56,8% des voix (+41%), contre 29,5% \u00e0 l\u2019UNSA et 13,6% pour la CFE\/CGC. C\u2019est notre camarade Sylvia VOLTURO qui a \u00e9t\u00e9 reconduite comme d\u00e9l\u00e9gu\u00e9e syndicale CGT.<\/p>\n<p style=\"text-align: justify;\"><strong>B\u0152UF IMPR\u00c9VOYANT : <\/strong>235, rue Etienne Marcel \u2013 Au restaurant B\u0152UF A SIX PATTES, notre camarade Mahamadou FOFANA n\u2019avait pu b\u00e9n\u00e9ficier de la pr\u00e9voyance d\u2019entreprise. Le Conseil de Prud\u2019hommes de Bobigny vient de condamner son employeur \u00e0 d\u00e9clencher l\u2019ouverture de ses droits outre 10406 euros de provisions au titre des indemnit\u00e9s dont il a \u00e9t\u00e9 priv\u00e9, et ce sous astreinte de 20 euros par jour de retard.<\/p>\n<p style=\"text-align: justify;\"><strong>ATTOUCHEMENTS EN PROMOTION\u00a0:<\/strong> 240, rue de Rosny \u2013 TESSI CHEQUE ILE-DE-FRANCE inscrira-t-il bient\u00f4t le droit de cuissage au r\u00e8glement int\u00e9rieur\u00a0? C\u2019est la question que se pose la CGT apr\u00e8s le licenciement de la salari\u00e9e qui avait d\u00e9nonc\u00e9 les attouchements sexuels dont 2 salari\u00e9s disaient \u00eatre victimes de la part d\u2019un responsable. Lequel responsable aurait pu \u00eatre promu au tri cette semaine, n\u2019\u00e9tait l\u2019intervention de nos camarades qui ont exig\u00e9 son \u00e9loignement imm\u00e9diat du site\u2026 \u00e0 d\u00e9faut d\u2019une enqu\u00eate s\u00e9rieuse et de sanctions \u00e9ventuelles.<\/p>\n<p style=\"text-align: justify;\"><strong>UN GROS AGRO AU DROIT\u00a0:<\/strong> 263, rue de Paris \u2013 L\u2019USOPA, condamn\u00e9e le 28 ao\u00fbt \u00e0 r\u00e9int\u00e9grer notre camarade Johnny NETO, licenci\u00e9 sans autorisation administrative alors qu\u2019il \u00e9tait titulaire d\u2019un mandat CGT, s\u2019obstine \u00e0 lui refuser l\u2019acc\u00e8s \u00e0 son poste au sein de la FNAF-CGT. Une situation inadmissible que l\u2019UL-CGT vient de d\u00e9noncer par un courrier \u00e0 la direction conf\u00e9d\u00e9rale, pour que soit ex\u00e9cut\u00e9e cette d\u00e9cision de justice. A suivre\u2026<\/p>\n","protected":false},"excerpt":{"rendered":"<p>\u00ab\u00a0Tout le monde d\u00e9teste le G7\u2026 Et r\u00e9ciproquement\u00a0\u00bb UNE VICTOIRE, MAIS PAS DE TREVE\u00a0: 11, rue des Deux Communes \u2013 A la DOUANE, la longue lutte de cet \u00e9t\u00e9 se concr\u00e9tise avec un arr\u00eat\u00e9 au Journal Officiel qui fixe l\u2019indemnit\u00e9 de risques pour les fonctions de surveillance \u00e0 88 points d\u2019indice major\u00e9 au 1er novembre &hellip; <\/p>\n","protected":false},"author":1,"featured_media":0,"comment_status":"closed","ping_status":"open","sticky":false,"template":"","format":"standard","meta":{"footnotes":""},"categories":[2],"tags":[],"class_list":{"0":"entry","1":"post","2":"publish","3":"author-ulmontreuil","4":"post-3676","6":"format-standard","7":"category-je-tu-ul"},"_links":{"self":[{"href":"https:\/\/www.lacgtmontreuil.fr\/index.php?rest_route=\/wp\/v2\/posts\/3676","targetHints":{"allow":["GET"]}}],"collection":[{"href":"https:\/\/www.lacgtmontreuil.fr\/index.php?rest_route=\/wp\/v2\/posts"}],"about":[{"href":"https:\/\/www.lacgtmontreuil.fr\/index.php?rest_route=\/wp\/v2\/types\/post"}],"author":[{"embeddable":true,"href":"https:\/\/www.lacgtmontreuil.fr\/index.php?rest_route=\/wp\/v2\/users\/1"}],"replies":[{"embeddable":true,"href":"https:\/\/www.lacgtmontreuil.fr\/index.php?rest_route=%2Fwp%2Fv2%2Fcomments&post=3676"}],"version-history":[{"count":1,"href":"https:\/\/www.lacgtmontreuil.fr\/index.php?rest_route=\/wp\/v2\/posts\/3676\/revisions"}],"predecessor-version":[{"id":3682,"href":"https:\/\/www.lacgtmontreuil.fr\/index.php?rest_route=\/wp\/v2\/posts\/3676\/revisions\/3682"}],"wp:attachment":[{"href":"https:\/\/www.lacgtmontreuil.fr\/index.php?rest_route=%2Fwp%2Fv2%2Fmedia&parent=3676"}],"wp:term":[{"taxonomy":"category","embeddable":true,"href":"https:\/\/www.lacgtmontreuil.fr\/index.php?rest_route=%2Fwp%2Fv2%2Fcategories&post=3676"},{"taxonomy":"post_tag","embeddable":true,"href":"https:\/\/www.lacgtmontreuil.fr\/index.php?rest_route=%2Fwp%2Fv2%2Ftags&post=3676"}],"curies":[{"name":"wp","href":"https:\/\/api.w.org\/{rel}","templated":true}]}}