{"id":3664,"date":"2019-10-09T21:46:45","date_gmt":"2019-10-09T19:46:45","guid":{"rendered":"http:\/\/www.lacgtmontreuil.fr\/?p=3664"},"modified":"2019-10-09T21:47:31","modified_gmt":"2019-10-09T19:47:31","slug":"je-tu-ul-debut-aout-2019-n338","status":"publish","type":"post","link":"https:\/\/www.lacgtmontreuil.fr\/?p=3664","title":{"rendered":"Je, Tu, UL\u2026  D\u00e9but-Ao\u00fbt 2019   N\u00b0338"},"content":{"rendered":"<h6><a href=\"https:\/\/www.lacgtmontreuil.fr\/wp-content\/uploads\/2019\/01\/logo_cgt-ul-MONTREUIL-4.jpg\"><img loading=\"lazy\" decoding=\"async\" class=\"alignnone wp-image-2768\" src=\"https:\/\/www.lacgtmontreuil.fr\/wp-content\/uploads\/2019\/01\/logo_cgt-ul-MONTREUIL-4-199x300.jpg\" alt=\"\" width=\"105\" height=\"158\" srcset=\"https:\/\/www.lacgtmontreuil.fr\/wp-content\/uploads\/2019\/01\/logo_cgt-ul-MONTREUIL-4-199x300.jpg 199w, https:\/\/www.lacgtmontreuil.fr\/wp-content\/uploads\/2019\/01\/logo_cgt-ul-MONTREUIL-4.jpg 476w\" sizes=\"auto, (max-width: 105px) 100vw, 105px\" \/><\/a><\/h6>\n<h2 style=\"text-align: center;\"><strong><span style=\"color: #ff0000;\"><em>\u00ab\u00a0Qui ne dit mot\u2026 ne sera jamais entendu\u00a0\u00bb<\/em><\/span><\/strong><\/h2>\n<p><strong>DU ROND-POINT \u00c1 ALTA\u00cfS\u00a0:<\/strong> 65, rue du Capitaine Dreyfus \u2013 La CGT des TERRITORIAUX surveille de pr\u00e9s l\u2019impact du d\u00e9m\u00e9nagement des services municipaux qui doivent s\u2019installer le 13 ao\u00fbt dans la Tour ALTA\u00cfS (ex-ROND-POINT 93), refaite \u00e0 neuf. En particulier, la question du stationnement puisque sur les 242 places du parking pr\u00e9vues pour la tour, le personnel venant travailler en voiture ne pourrait acc\u00e9der qu\u2019\u00e0 50 d\u2019entre elles\u2026 Ce qui para\u00eet insuffisant au regard de l\u2019\u00e9loignement des domiciles et de certains handicaps. A d\u00e9faut, le budget parcm\u00e8tre serait de 180 euros pour venir travailler\u00a0!<\/p>\n<p><strong>CONTR\u00d4LE, RAS-LE-BOL\u00a0:<\/strong> place Jean Jaur\u00e8s \u2013 C\u2019est vers l\u2019ex-si\u00e8ge de l\u2019AFPA r\u00e9quisitionn\u00e9 pour le relogement des r\u00e9sidents du Foyer Bara, puis devant le Commissariat de Police, que 300 montreuillois ont manifest\u00e9 le samedi 3 ao\u00fbt, contre le harc\u00e8lement policier visant les travailleurs migrants. L\u2019UL-CGT avait contribu\u00e9 \u00e0 cette riposte unitaire et locale, face \u00e0 la multiplication des contr\u00f4les \u00ab\u00a0au faci\u00e8s\u00a0\u00bb cet \u00e9t\u00e9, autour des foyers de migrants.<\/p>\n<p><strong>CHASSE AUX INSPECTEURS : <\/strong>22-24, rue de Lagny \u2013 A l\u2019URSSAF o\u00f9, en juin, la mobilisation avait fait reculer la direction sur 5 proc\u00e9dures de sanction, c\u2019est le site de Guyancourt qui devient le th\u00e9\u00e2tre d\u2019un bras de fer entre les inspecteurs, qui \u00e9taient en gr\u00e8ve le 5 ao\u00fbt, et l\u2019employeur, d\u00e9cid\u00e9 \u00e0 licencier un responsable d\u2019inspection pour un badgeage non conforme. Faux pr\u00e9texte, r\u00e9pliquent ses coll\u00e8gues et la CGT, lesquels d\u00e9noncent l\u2019atmosph\u00e8re d\u00e9l\u00e9t\u00e8re qui r\u00e8gne dans le service et une sanction visant une victime et un t\u00e9moin de celle-ci.<\/p>\n<p><strong>PR\u00c9TENDU COMPORTEMENT\u00a0:<\/strong> 240, rue de Rosny \u2013 Chez TESSI CHEQUE ILE DE FRANCE, la CGT avait alert\u00e9 sur le comportement d\u2019un responsable de plateau dont 2 salari\u00e9es avaient d\u00e9nonc\u00e9 les attouchements sexuels. Pour la direction, il s\u2019agit, \u00e9crit-elle, \u00ab\u00a0d\u2019un pr\u00e9tendu comportement\u00a0\u00bb, et l\u2019une des salari\u00e9es entendue dans le cadre de l\u2019enqu\u00eate interne se retrouve aussit\u00f4t menac\u00e9e de licenciement pour une pr\u00e9tendue altercation \u00e0 laquelle elle n\u2019a pris aucune part. Sa faute ne serait-elle pas plut\u00f4t d\u2019avoir corrobor\u00e9 les accusations d\u2019attouchement visant ses coll\u00e8gues\u00a0?<\/p>\n<p><strong>RECUEIL SOLIDAIRE\u00a0:<\/strong> 263, rue de Paris \u2013 Au si\u00e8ge de la CGT, la solidarit\u00e9 face \u00e0 la canicule s\u2019est manifest\u00e9e par l\u2019h\u00e9bergement de personnes fragiles sans domicile dans les b\u00e2timents souvent vides la nuit. Une d\u00e9cision syndicale prise en concertation avec le tissu associatif et la ville de Montreuil.<\/p>\n","protected":false},"excerpt":{"rendered":"<p>\u00ab\u00a0Qui ne dit mot\u2026 ne sera jamais entendu\u00a0\u00bb DU ROND-POINT \u00c1 ALTA\u00cfS\u00a0: 65, rue du Capitaine Dreyfus \u2013 La CGT des TERRITORIAUX surveille de pr\u00e9s l\u2019impact du d\u00e9m\u00e9nagement des services municipaux qui doivent s\u2019installer le 13 ao\u00fbt dans la Tour ALTA\u00cfS (ex-ROND-POINT 93), refaite \u00e0 neuf. En particulier, la question du stationnement puisque sur les &hellip; <\/p>\n","protected":false},"author":1,"featured_media":0,"comment_status":"closed","ping_status":"open","sticky":false,"template":"","format":"standard","meta":{"footnotes":""},"categories":[2],"tags":[],"class_list":{"0":"entry","1":"post","2":"publish","3":"author-ulmontreuil","4":"post-3664","6":"format-standard","7":"category-je-tu-ul"},"_links":{"self":[{"href":"https:\/\/www.lacgtmontreuil.fr\/index.php?rest_route=\/wp\/v2\/posts\/3664","targetHints":{"allow":["GET"]}}],"collection":[{"href":"https:\/\/www.lacgtmontreuil.fr\/index.php?rest_route=\/wp\/v2\/posts"}],"about":[{"href":"https:\/\/www.lacgtmontreuil.fr\/index.php?rest_route=\/wp\/v2\/types\/post"}],"author":[{"embeddable":true,"href":"https:\/\/www.lacgtmontreuil.fr\/index.php?rest_route=\/wp\/v2\/users\/1"}],"replies":[{"embeddable":true,"href":"https:\/\/www.lacgtmontreuil.fr\/index.php?rest_route=%2Fwp%2Fv2%2Fcomments&post=3664"}],"version-history":[{"count":2,"href":"https:\/\/www.lacgtmontreuil.fr\/index.php?rest_route=\/wp\/v2\/posts\/3664\/revisions"}],"predecessor-version":[{"id":3670,"href":"https:\/\/www.lacgtmontreuil.fr\/index.php?rest_route=\/wp\/v2\/posts\/3664\/revisions\/3670"}],"wp:attachment":[{"href":"https:\/\/www.lacgtmontreuil.fr\/index.php?rest_route=%2Fwp%2Fv2%2Fmedia&parent=3664"}],"wp:term":[{"taxonomy":"category","embeddable":true,"href":"https:\/\/www.lacgtmontreuil.fr\/index.php?rest_route=%2Fwp%2Fv2%2Fcategories&post=3664"},{"taxonomy":"post_tag","embeddable":true,"href":"https:\/\/www.lacgtmontreuil.fr\/index.php?rest_route=%2Fwp%2Fv2%2Ftags&post=3664"}],"curies":[{"name":"wp","href":"https:\/\/api.w.org\/{rel}","templated":true}]}}