{"id":365,"date":"2018-01-16T18:13:57","date_gmt":"2018-01-16T17:13:57","guid":{"rendered":"http:\/\/www.lacgtmontreuil.fr\/?p=365"},"modified":"2018-01-16T18:13:57","modified_gmt":"2018-01-16T17:13:57","slug":"je-tu-ul-debut-fevrier-2008-n-9","status":"publish","type":"post","link":"https:\/\/www.lacgtmontreuil.fr\/?p=365","title":{"rendered":"Je, Tu, UL\u2026  D\u00e9but F\u00e9vrier 2008  N\u00b0 9"},"content":{"rendered":"<p>&nbsp;<\/p>\n<p><strong> Les br\u00e8ves de l\u2019UL CGT de Montreuil, 24, rue de Paris<\/strong><\/p>\n<p><img loading=\"lazy\" decoding=\"async\" width=\"109\" height=\"155\" class=\"wp-image-366\" src=\"https:\/\/www.lacgtmontreuil.fr\/wp-content\/uploads\/2018\/01\/logo_cgt-11.jpeg\" alt=\"logo_cgt\" \/>\u00a0\u00a0 <strong>Je, Tu, UL\u2026<\/strong>\u00a0 <strong>D\u00e9but F\u00e9vrier 2008<\/strong>\u00a0 <strong>N\u00b0 9<\/strong><\/p>\n<p><em>\u00ab\u00a0On n\u2019est pas des 1<sup>er<\/sup> prix\u00a0!\u00a0\u00bb Une caissi\u00e8re en gr\u00e8ve le 1<sup>er<\/sup> f\u00e9vrier<\/em><\/p>\n<p><strong>CARROUF\u00a0: GRANDS PROFITS, PETITE DISTRIBUTION\u00a0:<\/strong> 280, rue de Paris \u2013 Ce vendredi 1<sup>er<\/sup> f\u00e9vrier, jour de la mobilisation historique des salari\u00e9s de la grande distribution, on comptait 150 gr\u00e9vistes au Carrefour de la Porte de Montreuil, \u00e0 l\u2019appel des syndicats CGT et FO. D\u00e9sertant les caisses, les gr\u00e9vistes ont accueilli Bernard Thibault, venu leur apporter son soutien, aux cris de \u00ab\u00a0Augmentez les salaires, pas la mis\u00e8re\u00a0!\u00a0\u00bb. Ce jour-l\u00e0, 80% des enseignes de la distribution ont connu des arr\u00eats de travail. Une autre journ\u00e9e nationale d\u2019action pourrait suivre le 22 mars si le patronat de la branche maintenait son refus de reprendre les n\u00e9gociations.<\/p>\n<p><strong>AIR FRANCE\u00a0: LA MOBILISATION POUR LES SALAIRES DECOLLE\u00a0:<\/strong> 30, Avenue L\u00e9on Gaumont \u2013 Pr\u00e9s de 90 salari\u00e9s de l\u2019\u00e9tablissement Commercial (3000 dans l\u2019ensemble du groupe) ont d\u00e9bray\u00e9 de 1 heure \u00e0 24 heures ce jeudi 31 janvier afin de peser sur les n\u00e9gociations en cours et inciter la direction \u00e0 revoir ses propositions salariales de 2,3%, inf\u00e9rieure aux pr\u00e9visions d\u2019inflation pour 2008. Le groupe s\u2019appr\u00eate \u00e0 rendre public des r\u00e9sultats avoisinant les 2 milliards d\u2019euros de b\u00e9n\u00e9fices. Du haut vol\u00a0!<\/p>\n<p><strong>L\u2019OPHM Sans Direction Fixe\u00a0?:<\/strong> 17, rue Moli\u00e8re \u2013 Rien ne va plus au si\u00e8ge de l\u2019Office HLM depuis la fusion entre la SEMIMO et l\u2019OPHLM\u00a0: les directeurs s\u2019\u00e9clipsent les uns apr\u00e8s les autres. Les salari\u00e9s revendiquent l\u2019ouverture de n\u00e9gociations sur, entre autres, le temps de travail, la Mutuelle ou la Pr\u00e9voyance, mais comment n\u00e9gocier en l\u2019absence de direction\u00a0?! Pour mettre un terme \u00e0 cette situation ubuesque, la CGT appelle les salari\u00e9s \u00e0 se rassembler le jeudi 07 f\u00e9vrier \u00e0 10h00 face au si\u00e8ge, rue Moli\u00e8re.<\/p>\n<p><strong>SAMSIC, SPECIALISTE DU NETTOYAGE SYNDICAL:<\/strong> 138, Avenue Stalingrad \u2013 L\u2019ensemble des syndicats de l\u2019\u00e9tablissement SAMSIC PROPRETE bas\u00e9 \u00e0 Montreuil a refus\u00e9 de signer le protocole d\u2019accord \u00e9lectoral : la direction voudrait supprimer 4 si\u00e8ges d\u2019\u00e9lus du personnel dans le premier coll\u00e8ge (1 titulaire + 1 suppl\u00e9ant en moins en DP comme en CE). Un toilettage pas tr\u00e8s propre qui a conduit les syndicats \u00e0 saisir l\u2019Inspection du Travail.<\/p>\n<p><strong>PAYE TA COTISE\u00a0!:<\/strong> 8, rue de Rosny \u2013 Le syndicat UFICT-CGT de la CCAS-EDF organisait le 6 f\u00e9vrier un d\u00e9bat public avec le sociologue Bernard FRIOT sur \u00ab\u00a0la cotisation sociale, joyau du salaire\u00a0\u00bb. Nettement mieux que la TVA sociale du rapport Attali\u2026<\/p>\n<p><strong>LES V\u0152UX SE CONCRETISENT\u00a0:<\/strong> Au M\u00e9li\u00e8s, le 3 d\u00e9cembre dernier, ISOUF SOW racontait aux Montreuillois la lutte des vigiles sans-papiers d\u2019OSP. Il vient de recevoir son titre de s\u00e9jour et 3 autres de ses coll\u00e8gues devraient suivre\u2026 si le Pr\u00e9fet tient parole.<\/p>\n<p><strong>POUR L\u2019OUVERTURE D\u2019UN 2<sup>\u00e8me<\/sup> CONSEIL DES PRUD\u2019HOMMES A MONTREUIL\u00a0:<\/strong> L\u2019UL CGT organise une conf\u00e9rence de presse le mercredi 13 f\u00e9vrier prochain \u00e0 11h00 au 62, rue Franklin, face au Tribunal d\u2019Instance, afin d\u2019exiger l\u2019ouverture d\u2019un 2<sup>\u00e8me<\/sup> Conseil des Prud\u2019hommes dans le 93, seul d\u00e9partement \u00e0 n\u2019en compter qu\u2019un seul\u2026<\/p>\n","protected":false},"excerpt":{"rendered":"<p>&nbsp; Les br\u00e8ves de l\u2019UL CGT de Montreuil, 24, rue de Paris \u00a0\u00a0 Je, Tu, UL\u2026\u00a0 D\u00e9but F\u00e9vrier 2008\u00a0 N\u00b0 9 \u00ab\u00a0On n\u2019est pas des 1er prix\u00a0!\u00a0\u00bb Une caissi\u00e8re en gr\u00e8ve le 1er f\u00e9vrier CARROUF\u00a0: GRANDS PROFITS, PETITE DISTRIBUTION\u00a0: 280, rue de Paris \u2013 Ce vendredi 1er f\u00e9vrier, jour de la mobilisation historique des salari\u00e9s &hellip; <\/p>\n","protected":false},"author":1,"featured_media":0,"comment_status":"closed","ping_status":"open","sticky":false,"template":"","format":"standard","meta":{"footnotes":""},"categories":[2],"tags":[],"class_list":{"0":"entry","1":"post","2":"publish","3":"author-ulmontreuil","4":"post-365","6":"format-standard","7":"category-je-tu-ul"},"_links":{"self":[{"href":"https:\/\/www.lacgtmontreuil.fr\/index.php?rest_route=\/wp\/v2\/posts\/365","targetHints":{"allow":["GET"]}}],"collection":[{"href":"https:\/\/www.lacgtmontreuil.fr\/index.php?rest_route=\/wp\/v2\/posts"}],"about":[{"href":"https:\/\/www.lacgtmontreuil.fr\/index.php?rest_route=\/wp\/v2\/types\/post"}],"author":[{"embeddable":true,"href":"https:\/\/www.lacgtmontreuil.fr\/index.php?rest_route=\/wp\/v2\/users\/1"}],"replies":[{"embeddable":true,"href":"https:\/\/www.lacgtmontreuil.fr\/index.php?rest_route=%2Fwp%2Fv2%2Fcomments&post=365"}],"version-history":[{"count":1,"href":"https:\/\/www.lacgtmontreuil.fr\/index.php?rest_route=\/wp\/v2\/posts\/365\/revisions"}],"predecessor-version":[{"id":367,"href":"https:\/\/www.lacgtmontreuil.fr\/index.php?rest_route=\/wp\/v2\/posts\/365\/revisions\/367"}],"wp:attachment":[{"href":"https:\/\/www.lacgtmontreuil.fr\/index.php?rest_route=%2Fwp%2Fv2%2Fmedia&parent=365"}],"wp:term":[{"taxonomy":"category","embeddable":true,"href":"https:\/\/www.lacgtmontreuil.fr\/index.php?rest_route=%2Fwp%2Fv2%2Fcategories&post=365"},{"taxonomy":"post_tag","embeddable":true,"href":"https:\/\/www.lacgtmontreuil.fr\/index.php?rest_route=%2Fwp%2Fv2%2Ftags&post=365"}],"curies":[{"name":"wp","href":"https:\/\/api.w.org\/{rel}","templated":true}]}}