{"id":3631,"date":"2019-10-09T21:35:02","date_gmt":"2019-10-09T19:35:02","guid":{"rendered":"http:\/\/www.lacgtmontreuil.fr\/?p=3631"},"modified":"2019-10-09T21:44:51","modified_gmt":"2019-10-09T19:44:51","slug":"je-tu-ul-fin-juin-2019-n337","status":"publish","type":"post","link":"https:\/\/www.lacgtmontreuil.fr\/?p=3631","title":{"rendered":"Je, Tu, UL\u2026  Fin-Juin 2019   N\u00b0337"},"content":{"rendered":"<h6><a href=\"https:\/\/www.lacgtmontreuil.fr\/wp-content\/uploads\/2019\/01\/logo_cgt-ul-MONTREUIL-4.jpg\"><img loading=\"lazy\" decoding=\"async\" class=\"alignnone wp-image-2768\" src=\"https:\/\/www.lacgtmontreuil.fr\/wp-content\/uploads\/2019\/01\/logo_cgt-ul-MONTREUIL-4-199x300.jpg\" alt=\"\" width=\"105\" height=\"158\" srcset=\"https:\/\/www.lacgtmontreuil.fr\/wp-content\/uploads\/2019\/01\/logo_cgt-ul-MONTREUIL-4-199x300.jpg 199w, https:\/\/www.lacgtmontreuil.fr\/wp-content\/uploads\/2019\/01\/logo_cgt-ul-MONTREUIL-4.jpg 476w\" sizes=\"auto, (max-width: 105px) 100vw, 105px\" \/><\/a><\/h6>\n<h2 style=\"text-align: center;\"><strong><span style=\"color: #ff0000;\"><em>\u00ab\u00a010 euros par jour et par ch\u00f4meur\u00a0: on les reprendra au patronat voleur\u00a0!\u00a0\u00bb<\/em><\/span><\/strong><\/h2>\n<p><strong>UN MAUVAIS PLAN EN PLAN\u00a0:<\/strong> 3, rue Franklin, L\u2019AFPA va devoir suspendre son plan de restructuration, faute d\u2019avoir pris en compte les risques psycho-sociaux. Ainsi en a d\u00e9cid\u00e9 le TGI de Bobigny, par ordonnance de r\u00e9f\u00e9r\u00e9 en date du 27\/06, suite \u00e0 sa saisine par le CHSCT de l\u2019agence, appuy\u00e9 dans cette d\u00e9marche par les syndicats CGT et Solidaires, soucieux de s\u2019attaquer \u00e0 la strat\u00e9gie gouvernementale et \u00e0 son calendrier. La CGT s\u2019alarme en particulier qu\u2019avec un tel plan de \u00ab\u00a0d\u00e9parts volontaires\u00a0\u00bb ouverts \u00e0 tous, la direction cherche \u00e0 cr\u00e9er d\u00e9lib\u00e9r\u00e9ment le chaos \u00e0 l\u2019AFPA.<\/p>\n<p><strong>DOUBLE SUCC\u00c8S\u00a0:<\/strong> 22-24, rue de Lagny \u2013 A l\u2019URSSAF, la lutte a pay\u00e9 deux fois ce mois de juin. D\u2019abord avec l\u2019abandon des sanctions disciplinaires contre les 5 camarades accus\u00e9s d\u2019avoir acc\u00e9d\u00e9 aux donn\u00e9es prot\u00e9g\u00e9es de la DSN (voir \u00ab\u00a0Je, Tu, UL\u00a0\u00bb n\u00b0335). Ensuite, avec la reprise \u00e0 z\u00e9ro des n\u00e9gociations sur les classifications, suite \u00e0 la mobilisation du 25 juin des salari\u00e9s de la s\u00e9curit\u00e9 sociale. L\u2019intersyndicale appelle \u00e0 maintenir la pression pour obtenir du Minist\u00e8re une enveloppe suppl\u00e9mentaire et l\u2019augmentation de la valeur du point\u2026en 2019.<\/p>\n<p><strong>D\u00c9M\u00c9NAGE\u2026MENT : <\/strong>3, rue Franklin \u2013 Chez TELELINGUA, entreprise montreuilloise de traduction, le rachat par le groupe ACOLADE ne s\u2019embarrasse pas de transparence. Apr\u00e8s des mois de d\u00e9ni de tout projet de d\u00e9m\u00e9nagement, les salari\u00e9s viennent d\u2019\u00eatre inform\u00e9s d\u2019une d\u00e9localisation \u00e0 Boulogne au 1<sup>er<\/sup> octobre, dans l\u2019objectif implicite d\u2019un d\u00e9mant\u00e8lement de l\u2019\u00e9quipe actuelle. En riposte, la CGT exige une expertise sur les futurs locaux et un accord sur le t\u00e9l\u00e9travail.<\/p>\n<p><strong>PERC\u00c9E CGT\u00a0:<\/strong> 4, place du G\u00e9n\u00e9ral de Gaulle \u2013 L\u2019UGECAM Ile de France \u00e9lisait cette semaine son CSE avec des listes CGT, CFDT, FO et CGC en pr\u00e9sence. Stable dans l\u2019encadrement \u00e0 30,9%, la CGT progresse de 9% dans le coll\u00e8ge employ\u00e9s \u00e0 44,75% devan\u00e7ant la CFDT. FO ne parvient pas \u00e0 la repr\u00e9sentativit\u00e9 et la CGC finit 3<sup>\u00e8me<\/sup> chez les cadres. Un succ\u00e8s de la CGT d\u2019autant plus remarquable qu\u2019il intervient apr\u00e8s de difficiles restructurations et fermetures, avec l\u2019ouverture de l\u2019Espace P\u00e9diatrique de Montreuil (EPABR).<\/p>\n<p><strong>POUR L\u2019EAU, EN PLEINE CANICULE\u00a0:<\/strong> 24, rue de Paris \u2013 La Bourse du Travail aura accueilli toute la semaine, l\u2019un des 31 bureaux de vote de Montreuil pour la votation citoyenne en faveur d\u2019une r\u00e9gie publique de l\u2019eau. Une initiative pour laquelle l\u2019UL-CGT s\u2019\u00e9tait associ\u00e9e \u00e0 un arc associatif et politique d\u00e9sireux que la communaut\u00e9 d\u2019agglom\u00e9ration Est-Ensemble en termine avec la mainmise de Veolia sur ce bien public que devrait \u00eatre l\u2019eau.<\/p>\n","protected":false},"excerpt":{"rendered":"<p>\u00ab\u00a010 euros par jour et par ch\u00f4meur\u00a0: on les reprendra au patronat voleur\u00a0!\u00a0\u00bb UN MAUVAIS PLAN EN PLAN\u00a0: 3, rue Franklin, L\u2019AFPA va devoir suspendre son plan de restructuration, faute d\u2019avoir pris en compte les risques psycho-sociaux. Ainsi en a d\u00e9cid\u00e9 le TGI de Bobigny, par ordonnance de r\u00e9f\u00e9r\u00e9 en date du 27\/06, suite \u00e0 &hellip; <\/p>\n","protected":false},"author":1,"featured_media":0,"comment_status":"closed","ping_status":"open","sticky":false,"template":"","format":"standard","meta":{"footnotes":""},"categories":[2],"tags":[],"class_list":{"0":"entry","1":"post","2":"publish","3":"author-ulmontreuil","4":"post-3631","6":"format-standard","7":"category-je-tu-ul"},"_links":{"self":[{"href":"https:\/\/www.lacgtmontreuil.fr\/index.php?rest_route=\/wp\/v2\/posts\/3631","targetHints":{"allow":["GET"]}}],"collection":[{"href":"https:\/\/www.lacgtmontreuil.fr\/index.php?rest_route=\/wp\/v2\/posts"}],"about":[{"href":"https:\/\/www.lacgtmontreuil.fr\/index.php?rest_route=\/wp\/v2\/types\/post"}],"author":[{"embeddable":true,"href":"https:\/\/www.lacgtmontreuil.fr\/index.php?rest_route=\/wp\/v2\/users\/1"}],"replies":[{"embeddable":true,"href":"https:\/\/www.lacgtmontreuil.fr\/index.php?rest_route=%2Fwp%2Fv2%2Fcomments&post=3631"}],"version-history":[{"count":4,"href":"https:\/\/www.lacgtmontreuil.fr\/index.php?rest_route=\/wp\/v2\/posts\/3631\/revisions"}],"predecessor-version":[{"id":3661,"href":"https:\/\/www.lacgtmontreuil.fr\/index.php?rest_route=\/wp\/v2\/posts\/3631\/revisions\/3661"}],"wp:attachment":[{"href":"https:\/\/www.lacgtmontreuil.fr\/index.php?rest_route=%2Fwp%2Fv2%2Fmedia&parent=3631"}],"wp:term":[{"taxonomy":"category","embeddable":true,"href":"https:\/\/www.lacgtmontreuil.fr\/index.php?rest_route=%2Fwp%2Fv2%2Fcategories&post=3631"},{"taxonomy":"post_tag","embeddable":true,"href":"https:\/\/www.lacgtmontreuil.fr\/index.php?rest_route=%2Fwp%2Fv2%2Ftags&post=3631"}],"curies":[{"name":"wp","href":"https:\/\/api.w.org\/{rel}","templated":true}]}}