{"id":3489,"date":"2019-07-22T12:54:08","date_gmt":"2019-07-22T10:54:08","guid":{"rendered":"http:\/\/www.lacgtmontreuil.fr\/?p=3489"},"modified":"2020-07-18T13:37:23","modified_gmt":"2020-07-18T11:37:23","slug":"edito-braquage-sur-le-troisieme-age","status":"publish","type":"post","link":"https:\/\/www.lacgtmontreuil.fr\/?p=3489","title":{"rendered":"Edito &#8211; Braquage sur le troisi\u00e8me \u00e2ge"},"content":{"rendered":"<p>Un an apr\u00e8s son passage mouvement\u00e9 \u00e0 Montreuil, Jean-Paul DELEVOYE vient de livrer ses <strong>pr\u00e9conisations,<\/strong> connues d&rsquo;avance, pour soumettre les futures retraites \u00e0 3 variables budg\u00e9taires : le montant des <strong>d\u00e9cotes,<\/strong> <strong>l&rsquo;\u00e2ge-pivot<\/strong> (64 ans) et <strong>la valeur du point<\/strong>.<br \/>\nC&rsquo;est un syst\u00e8me dont les retrait\u00e9s en Su\u00e8de ont d\u00e9j\u00e0 fait les frais : leurs pensions \u00e0 points ont ainsi d\u00e9gringol\u00e9 de 60% du salaire en 2000 \u00e0 53% de leur ancien salaire. En France, la projection du COR annonce une <strong>chute de 62% au d\u00e9part \u00e0 40%<\/strong> en 2040.<br \/>\nL&rsquo;universalit\u00e9 a bon dos : c&rsquo;est la<strong> mis\u00e8re g\u00e9n\u00e9ralis\u00e9e<\/strong>.<\/p>\n<p>RETRAITE OU ALLOCATION-DEPENDANCE ?<\/p>\n<p>L&rsquo;\u00e2ge-pivot ou \u00e2ge de d\u00e9part<em> \u00ab\u00a0\u00e0 taux plein\u00a0\u00bb<\/em> (notion obsol\u00e8te dans le syst\u00e8me \u00e0 points) serait propos\u00e9 \u00e0 64 ans, pour reculer ensuite selon l&rsquo;esp\u00e9rance de vie. Seuls policiers, pompiers et militaires \u00e9chapperaient \u00e0 ce couperet&#8230;<br \/>\nC&rsquo;est oublier qu&rsquo;en France <strong>l&rsquo;esp\u00e9rance de vie en bonne sant\u00e9<\/strong> plafonne \u00e0 63 ans en moyenne&#8230;soit un an avant l&rsquo;\u00e2ge fatidique : c&rsquo;est le retour \u00e0 la <em>\u00ab\u00a0retraite des morts\u00a0\u00bb<\/em> dont seuls les plus chanceux profitaient avant-guerre.<\/p>\n<p>COTISATIONS VOLEES<\/p>\n<p>Enfin, alors que 90% des 16 millions de retrait\u00e9s rel\u00e8vent aujourd&rsquo;hui <strong>d&rsquo;au moins un dispositif de solidarit\u00e9<\/strong> pour sa pension, l&rsquo;extinction des compensations (femmes, pr\u00e9caires, malades ou invalides) est programm\u00e9e.<br \/>\nQuant aux<strong> fonctionnaires<\/strong>, d\u00e9j\u00e0 d\u00e9sign\u00e9s comme les<strong> grands perdants<\/strong> de cette r\u00e9forme avec notamment les cat\u00e9gories C en dessous du SMIC, la seule prise en compte des primes n&rsquo;aura qu&rsquo;un effet : <strong>ajouter l&rsquo;injustice \u00e0 l&rsquo;injustice !<\/strong><\/p>\n","protected":false},"excerpt":{"rendered":"<p>Un an apr\u00e8s son passage mouvement\u00e9 \u00e0 Montreuil, Jean-Paul DELEVOYE vient de livrer ses pr\u00e9conisations, connues d&rsquo;avance, pour soumettre les futures retraites \u00e0 3 variables budg\u00e9taires : le montant des d\u00e9cotes, l&rsquo;\u00e2ge-pivot (64 ans) et la valeur du point. C&rsquo;est un syst\u00e8me dont les retrait\u00e9s en Su\u00e8de ont d\u00e9j\u00e0 fait les frais : leurs pensions &hellip; <\/p>\n","protected":false},"author":6,"featured_media":0,"comment_status":"closed","ping_status":"open","sticky":false,"template":"","format":"standard","meta":{"footnotes":""},"categories":[21],"tags":[],"class_list":{"0":"entry","1":"post","2":"publish","3":"author-richard","4":"post-3489","6":"format-standard","7":"category-editos"},"_links":{"self":[{"href":"https:\/\/www.lacgtmontreuil.fr\/index.php?rest_route=\/wp\/v2\/posts\/3489","targetHints":{"allow":["GET"]}}],"collection":[{"href":"https:\/\/www.lacgtmontreuil.fr\/index.php?rest_route=\/wp\/v2\/posts"}],"about":[{"href":"https:\/\/www.lacgtmontreuil.fr\/index.php?rest_route=\/wp\/v2\/types\/post"}],"author":[{"embeddable":true,"href":"https:\/\/www.lacgtmontreuil.fr\/index.php?rest_route=\/wp\/v2\/users\/6"}],"replies":[{"embeddable":true,"href":"https:\/\/www.lacgtmontreuil.fr\/index.php?rest_route=%2Fwp%2Fv2%2Fcomments&post=3489"}],"version-history":[{"count":2,"href":"https:\/\/www.lacgtmontreuil.fr\/index.php?rest_route=\/wp\/v2\/posts\/3489\/revisions"}],"predecessor-version":[{"id":3498,"href":"https:\/\/www.lacgtmontreuil.fr\/index.php?rest_route=\/wp\/v2\/posts\/3489\/revisions\/3498"}],"wp:attachment":[{"href":"https:\/\/www.lacgtmontreuil.fr\/index.php?rest_route=%2Fwp%2Fv2%2Fmedia&parent=3489"}],"wp:term":[{"taxonomy":"category","embeddable":true,"href":"https:\/\/www.lacgtmontreuil.fr\/index.php?rest_route=%2Fwp%2Fv2%2Fcategories&post=3489"},{"taxonomy":"post_tag","embeddable":true,"href":"https:\/\/www.lacgtmontreuil.fr\/index.php?rest_route=%2Fwp%2Fv2%2Ftags&post=3489"}],"curies":[{"name":"wp","href":"https:\/\/api.w.org\/{rel}","templated":true}]}}