{"id":3471,"date":"2019-07-10T11:29:53","date_gmt":"2019-07-10T09:29:53","guid":{"rendered":"http:\/\/www.lacgtmontreuil.fr\/?p=3471"},"modified":"2020-07-18T13:38:20","modified_gmt":"2020-07-18T11:38:20","slug":"edito-supermenteuse","status":"publish","type":"post","link":"https:\/\/www.lacgtmontreuil.fr\/?p=3471","title":{"rendered":"Edito &#8211; Supermenteuse !"},"content":{"rendered":"<p>Le proc\u00e8s France-T\u00e9l\u00e9com a bien inspir\u00e9<strong> Muriel PENICAUD<\/strong> qui sur France-Inter d\u00e9clare <em>\u00ab\u00a0l&rsquo;Organisation Mondiale de la Sant\u00e9 (OMS) a tr\u00e8s fermement dit que le burn-out n&rsquo;\u00e9tait pas une maladie professionnelle<\/em>\u00ab\u00a0. Nouveau mensonge de Madame la Ministre du Travail, qui ajoute en experte que la d\u00e9finition du<strong> burn-out<\/strong><em> \u00ab\u00a0n&rsquo;est pas m\u00e9dicalement prouv\u00e9e\u00a0\u00bb.<\/em><br \/>\nOr au m\u00eame moment, \u00e0 l&rsquo;Assembl\u00e9e mondiale de la Sant\u00e9, les repr\u00e9sentants de la France adoptaient<strong> la nouvelle classification des maladies<\/strong>, \u00e9labor\u00e9e depuis un an par l&rsquo;OMS : dans laquelle on retrouve le burn-out, codifi\u00e9 CIM-11 et d\u00e9fini comme un stress ou une extr\u00eame fatigue<strong> li\u00e9s au travail<\/strong>.<br \/>\nAu vu de sa maitrise des dossiers, Madame PENICAUD ne devrait donc gu\u00e8re \u00eatre menac\u00e9e par cette maladie non m\u00e9dicalement prouv\u00e9e et surtout pas professionnelle&#8230;<\/p>\n<p>Par contre cet \u00e9t\u00e9, chacun-e aura le loisir de se d\u00e9stresser en lisant la tr\u00e8s p\u00e9dagogique BD <em>\u00ab\u00a0Le burn-out\u00a0\u00bb<\/em> de la sociologue Dani\u00e8le Linhart et de la dessinatrice Zo\u00e9 Thouron (Ed. du Lombard).<\/p>\n<p>&nbsp;<\/p>\n<p>&nbsp;<\/p>\n","protected":false},"excerpt":{"rendered":"<p>Le proc\u00e8s France-T\u00e9l\u00e9com a bien inspir\u00e9 Muriel PENICAUD qui sur France-Inter d\u00e9clare \u00ab\u00a0l&rsquo;Organisation Mondiale de la Sant\u00e9 (OMS) a tr\u00e8s fermement dit que le burn-out n&rsquo;\u00e9tait pas une maladie professionnelle\u00ab\u00a0. Nouveau mensonge de Madame la Ministre du Travail, qui ajoute en experte que la d\u00e9finition du burn-out \u00ab\u00a0n&rsquo;est pas m\u00e9dicalement prouv\u00e9e\u00a0\u00bb. Or au m\u00eame moment, &hellip; <\/p>\n","protected":false},"author":6,"featured_media":0,"comment_status":"closed","ping_status":"open","sticky":false,"template":"","format":"standard","meta":{"footnotes":""},"categories":[21],"tags":[],"class_list":{"0":"entry","1":"post","2":"publish","3":"author-richard","4":"post-3471","6":"format-standard","7":"category-editos"},"_links":{"self":[{"href":"https:\/\/www.lacgtmontreuil.fr\/index.php?rest_route=\/wp\/v2\/posts\/3471","targetHints":{"allow":["GET"]}}],"collection":[{"href":"https:\/\/www.lacgtmontreuil.fr\/index.php?rest_route=\/wp\/v2\/posts"}],"about":[{"href":"https:\/\/www.lacgtmontreuil.fr\/index.php?rest_route=\/wp\/v2\/types\/post"}],"author":[{"embeddable":true,"href":"https:\/\/www.lacgtmontreuil.fr\/index.php?rest_route=\/wp\/v2\/users\/6"}],"replies":[{"embeddable":true,"href":"https:\/\/www.lacgtmontreuil.fr\/index.php?rest_route=%2Fwp%2Fv2%2Fcomments&post=3471"}],"version-history":[{"count":4,"href":"https:\/\/www.lacgtmontreuil.fr\/index.php?rest_route=\/wp\/v2\/posts\/3471\/revisions"}],"predecessor-version":[{"id":3486,"href":"https:\/\/www.lacgtmontreuil.fr\/index.php?rest_route=\/wp\/v2\/posts\/3471\/revisions\/3486"}],"wp:attachment":[{"href":"https:\/\/www.lacgtmontreuil.fr\/index.php?rest_route=%2Fwp%2Fv2%2Fmedia&parent=3471"}],"wp:term":[{"taxonomy":"category","embeddable":true,"href":"https:\/\/www.lacgtmontreuil.fr\/index.php?rest_route=%2Fwp%2Fv2%2Fcategories&post=3471"},{"taxonomy":"post_tag","embeddable":true,"href":"https:\/\/www.lacgtmontreuil.fr\/index.php?rest_route=%2Fwp%2Fv2%2Ftags&post=3471"}],"curies":[{"name":"wp","href":"https:\/\/api.w.org\/{rel}","templated":true}]}}