{"id":343,"date":"2018-01-15T18:51:55","date_gmt":"2018-01-15T17:51:55","guid":{"rendered":"http:\/\/www.lacgtmontreuil.fr\/?p=343"},"modified":"2018-01-15T18:51:55","modified_gmt":"2018-01-15T17:51:55","slug":"je-tu-ul-debut-novembre-2007-n-4","status":"publish","type":"post","link":"https:\/\/www.lacgtmontreuil.fr\/?p=343","title":{"rendered":"Je, Tu, UL\u2026 D\u00e9but novembre 2007  N\u00b0 4"},"content":{"rendered":"<p>&nbsp;<\/p>\n<p><strong> Les br\u00e8ves de l\u2019UL CGT de Montreuil, 24, rue de Paris<\/strong><\/p>\n<p><img loading=\"lazy\" decoding=\"async\" width=\"109\" height=\"155\" class=\"wp-image-344\" src=\"https:\/\/www.lacgtmontreuil.fr\/wp-content\/uploads\/2018\/01\/logo_cgt-4.jpeg\" alt=\"logo_cgt\" \/>\u00a0\u00a0 <strong>Je, Tu, UL\u2026 D\u00e9but novembre 2007\u00a0 N\u00b0 4<\/strong><\/p>\n<p>\u00ab\u00a0<em>Le gouvernement ment, la rue rue<\/em>\u00a0\u00bb<\/p>\n<p><strong>GPEC\u00a0RECONDUITE A NOUVELLES FRONTIERES\u00a0!<\/strong> 74, rue de Lagny \u2013 Avant de s\u2019envoler vers la banquise pour observer l\u2019\u00e9tat des gla\u00e7ons, Mr Borloo s\u2019\u00e9tait illustr\u00e9 en instaurant l\u2019obligation de n\u00e9gocier sur la Gestion Pr\u00e9visionnelle de l\u2019Emploi et des Comp\u00e9tences (GPEC) dans les entreprises de plus de 300 salari\u00e9s. Officiellement,\u00a0la GPEC \u00e7a consiste \u00e0 discuter de la strat\u00e9gie de l\u2019entreprise pour les 3 ans \u00e0 venir et \u00e0 d\u00e9finir les besoins, en effectifs et en comp\u00e9tences, pour y arriver. Dans le r\u00e9el, il s\u2019agit de demander aux syndicats de valider un cadre juridique pla\u00e7ant les salari\u00e9s dans une logique de restructuration permanente, quel que soit le contexte\u00a0! La CGT Nouvelles Fronti\u00e8res l\u2019a bien compris\u00a0: constatant que la direction les menait en croisi\u00e8re et cherchait leur caution pour son Projet de Gestion des Suppressions de Postes, elle a d\u00e9cid\u00e9 de quitter la table des \u00ab\u00a0n\u00e9gociations\u00a0\u00bb et invit\u00e9 les salari\u00e9s \u00e0 anticiper\u2026<\/p>\n<p><strong>PAS DE CRISE DES SUBPRIMES A L\u2019OPHM:<\/strong> 17, Rue Moli\u00e8re \u2013 Succ\u00e8s sur les primes et les embauches \u00e0 l\u2019OPHM, avec le doublement du r\u00e9gime indemnitaire des gardiens et des hausses de 15 \u00e0 80% pour les autres. Seront recrut\u00e9s 2 techniciens, 1 serrurier, 1 plombier, 2 polyvalents \u2026 et un nouveau directeur. Un succ\u00e8s que la CGT peut bien revendiquer\u00a0: pas tr\u00e8s \u00ab\u00a0solidaire\u00a0\u00bb ni \u00ab\u00a0unitaire\u00a0\u00bb, l\u2019autre syndicat avait d\u00e9cid\u00e9 de laisser la CGT n\u00e9gocier en solitaire les revendications du personnel.<\/p>\n<p><strong>GREFFE REUSSIE A L\u2019INTERCO\u00a0:<\/strong> 56, Boulevard de la Boissi\u00e8re \u2013 au terme de 2 ans de lutte et d\u2019interventions des \u00e9lues CGT \u00e0 l\u2019h\u00f4pital Andr\u00e9 Gr\u00e9goire, ce sont 14 \u00ab\u00a0stagiarisations\u00a0\u00bb (derni\u00e8re \u00e9tape avant la titularisation) qui ont \u00e9t\u00e9 obtenues au service restauration-h\u00f4tellerie de l\u2019h\u00f4pital intercommunal.<\/p>\n<p><strong>CA ROULE POUR LE 14 NOVEMBRE\u00a0!<\/strong> Pas de gare SNCF \u00e0 Montreuil, \u00e7a vous le saviez d\u00e9j\u00e0, mais des bus qui prendront le train du 14 novembre pour une gr\u00e8ve reconductible \u00e0 l\u2019appel de la CGT RATP BUS. Sur la p\u00e9nibilit\u00e9 du m\u00e9tier de machiniste\u00a0: il totalise 30% des effectifs de la RATP\u2026 mais 70% des inaptes\u00a0! Le syndicat cite quelques chiffres\u00a0: 809 agents agress\u00e9s en 2006, 1029 accidents de travail dans le d\u00e9partement BUS pour la m\u00eame ann\u00e9e, 25% seulement de machinistes qui font une carri\u00e8re compl\u00e8te au volant\u2026 avant 60 ans\u00a0!<\/p>\n<p><strong>COMME UNE LETTRE A LA POSTE\u00a0:<\/strong> 44, Boulevard Rouget de l\u2019Isle \u2013 La Poste votait le 23 octobre dernier. A Montreuil, la CGT rafle 56,25% des voix (+6%), un peu plus chez les contractuels et donc un peu moins chez les fonctionnaires. SUD obtient 21,9% (-8%), la CFDT 9,5% (+2%) et 3% pour l\u2019UNSA, FO et CFTC. Les miettes de l\u2019\u00e9miettement\u2026<\/p>\n","protected":false},"excerpt":{"rendered":"<p>&nbsp; Les br\u00e8ves de l\u2019UL CGT de Montreuil, 24, rue de Paris \u00a0\u00a0 Je, Tu, UL\u2026 D\u00e9but novembre 2007\u00a0 N\u00b0 4 \u00ab\u00a0Le gouvernement ment, la rue rue\u00a0\u00bb GPEC\u00a0RECONDUITE A NOUVELLES FRONTIERES\u00a0! 74, rue de Lagny \u2013 Avant de s\u2019envoler vers la banquise pour observer l\u2019\u00e9tat des gla\u00e7ons, Mr Borloo s\u2019\u00e9tait illustr\u00e9 en instaurant l\u2019obligation de &hellip; <\/p>\n","protected":false},"author":1,"featured_media":0,"comment_status":"closed","ping_status":"open","sticky":false,"template":"","format":"standard","meta":{"footnotes":""},"categories":[2],"tags":[],"class_list":{"0":"entry","1":"post","2":"publish","3":"author-ulmontreuil","4":"post-343","6":"format-standard","7":"category-je-tu-ul"},"_links":{"self":[{"href":"https:\/\/www.lacgtmontreuil.fr\/index.php?rest_route=\/wp\/v2\/posts\/343","targetHints":{"allow":["GET"]}}],"collection":[{"href":"https:\/\/www.lacgtmontreuil.fr\/index.php?rest_route=\/wp\/v2\/posts"}],"about":[{"href":"https:\/\/www.lacgtmontreuil.fr\/index.php?rest_route=\/wp\/v2\/types\/post"}],"author":[{"embeddable":true,"href":"https:\/\/www.lacgtmontreuil.fr\/index.php?rest_route=\/wp\/v2\/users\/1"}],"replies":[{"embeddable":true,"href":"https:\/\/www.lacgtmontreuil.fr\/index.php?rest_route=%2Fwp%2Fv2%2Fcomments&post=343"}],"version-history":[{"count":1,"href":"https:\/\/www.lacgtmontreuil.fr\/index.php?rest_route=\/wp\/v2\/posts\/343\/revisions"}],"predecessor-version":[{"id":345,"href":"https:\/\/www.lacgtmontreuil.fr\/index.php?rest_route=\/wp\/v2\/posts\/343\/revisions\/345"}],"wp:attachment":[{"href":"https:\/\/www.lacgtmontreuil.fr\/index.php?rest_route=%2Fwp%2Fv2%2Fmedia&parent=343"}],"wp:term":[{"taxonomy":"category","embeddable":true,"href":"https:\/\/www.lacgtmontreuil.fr\/index.php?rest_route=%2Fwp%2Fv2%2Fcategories&post=343"},{"taxonomy":"post_tag","embeddable":true,"href":"https:\/\/www.lacgtmontreuil.fr\/index.php?rest_route=%2Fwp%2Fv2%2Ftags&post=343"}],"curies":[{"name":"wp","href":"https:\/\/api.w.org\/{rel}","templated":true}]}}