{"id":337,"date":"2018-01-15T18:44:46","date_gmt":"2018-01-15T17:44:46","guid":{"rendered":"http:\/\/www.lacgtmontreuil.fr\/?p=337"},"modified":"2018-01-15T18:44:46","modified_gmt":"2018-01-15T17:44:46","slug":"je-tu-ul-fin-octobre-2007-n-3","status":"publish","type":"post","link":"https:\/\/www.lacgtmontreuil.fr\/?p=337","title":{"rendered":"Je, Tu, UL\u2026 Fin Octobre 2007 N\u00b0 3"},"content":{"rendered":"<p>&nbsp;<\/p>\n<p><strong> Les br\u00e8ves de l\u2019UL CGT de Montreuil, 24, rue de Paris<\/strong><\/p>\n<p><img loading=\"lazy\" decoding=\"async\" width=\"109\" height=\"155\" class=\"wp-image-338\" src=\"https:\/\/www.lacgtmontreuil.fr\/wp-content\/uploads\/2018\/01\/logo_cgt-2.jpeg\" alt=\"logo_cgt\" \/>\u00a0 <strong>Je, Tu, UL\u2026\u00a0Fin Octobre 2007\u00a0N\u00b0 3<\/strong><\/p>\n<p>\u00ab\u00a0<em>La lutte, c\u2019est classe\u00a0!<\/em>\u00a0\u00bb<\/p>\n<p><strong>COMITE GENERAL DE L\u2019UL \u2013 EN ATTENDANT LA GREVE\u00a0!<\/strong> Grand Hall du Parc Montreau \u2013 les 15 et 16 novembre, se tiendra le Comit\u00e9 G\u00e9n\u00e9ral de votre Union Locale. Trait d\u2019union entre les 193 bases CGT r\u00e9parties sur la ville (+18 en 3 ans), forte de 2\u00a0600 adh\u00e9rents (+24% en 3 ans), l\u2019UL vous invite \u00e0 venir participer \u00e0 ce rendez-vous de lutte et de fraternit\u00e9\u00a0: De quelle CGT avons-nous besoin\u00a0? De quels outils disposons-nous\u00a0? Comment \u0153uvrer \u00e0 la convergence des luttes et gagner sur nos revendications\u00a0? Autant de questions sur lesquelles votre contribution est attendue. L\u2019Union fait la force\u00a0!<\/p>\n<p><strong>EN GREVE POUR GAGNER PLUS\u00a0: <\/strong>Le 18 octobre, 18 entreprises \u00e9taient dans l\u2019action aux c\u00f4t\u00e9s de l\u2019UL CGT Montreuil pour exiger de bonnes retraites et la prise en compte de la p\u00e9nibilit\u00e9\u00a0: Afpa, Air France, Aful, Anpe, Assedic, Ccas, Cpam, Cfd-Cgt, Crr, Edf, Equipement, Education Nationale, Imp\u00f4ts, Interlogement, Jean-Pierre Timbaud, Ophm, Territoriaux, Urssaf. Sans oublier les ch\u00f4meurs et retrait\u00e9s qui, \u00e0 d\u00e9faut d\u2019\u00eatre en gr\u00e8ve, ont manifest\u00e9 nombreux\u00a0!<\/p>\n<p><strong>BALLES PERDUES CHEZ SUPER-U\u00a0:<\/strong> 170, Rue Nouvelle France \u2013 Le Conseil des Prud\u2019hommes vient de condamner Super U \u00e0 indemniser une caissi\u00e8re jug\u00e9e \u00ab\u00a0inapte\u00a0\u00bb apr\u00e8s un braquage du magasin. Brutalis\u00e9e lors du hold-up, Germaine avait \u00e9t\u00e9 licenci\u00e9e suite au traumatisme subi\u2026 dont Super U refusait de reconna\u00eetre l\u2019origine professionnelle\u00a0! SUPER-U perd 2 500 balles\u00a0!<\/p>\n<p><strong>LE DEPIT DE DUPUIS\u00a0:<\/strong> 6, rue Danton \u2013 Le patron de DUPUIS ne se remet toujours pas de la majorit\u00e9 acquise \u00e0 la CGT et tente de faire signer un proc\u00e8s verbal d\u2019\u00e9lections falsifi\u00e9. Au passage, le nom du d\u00e9l\u00e9gu\u00e9 FO, particuli\u00e8rement agressif envers la CGT, est substitu\u00e9 \u00e0 celui de l\u2019\u00e9lu CFDT. L\u2019inspection du Travail est saisie.<\/p>\n<p><strong>CONTRE-TEMPS\u00a0:<\/strong> 40, Avenue Vaillant-Couturier \u2013 O\u00f9 sont pass\u00e9s les cong\u00e9s pay\u00e9s\u00a0? C\u2019est la question que posent quelques uns des vigiles, anciennement sous contrat avec TJIWARA, depuis leur transfert \u00e0 l\u2019association EN-TEMPS. Faute de r\u00e9ponse de l\u2019ancien comme du nouvel employeur, la CGT saisit le Conseil des Prud\u2019hommes.<\/p>\n<p>&nbsp;<\/p>\n<p><strong>ROLAND GARROS A MONTREUIL\u00a0:<\/strong> 156, rue Nouvelle France \u2013 Apr\u00e8s une 1<sup>\u00e8re<\/sup> exp\u00e9rience r\u00e9ussie, l\u2019Avenir Social, association d\u2019entraide et de solidarit\u00e9 de la CGT, fond\u00e9e en 1906, renouvelle pour les vacances scolaires de F\u00e9vrier 2008, son initiative \u00ab\u00a0Semaine d\u2019initiation au Tennis\u00a0\u00bb. L\u2019id\u00e9e\u00a0: permettre \u00e0 une quinzaine d\u2019enfants (12-14 ans) de familles modestes de Montreuil de s\u2019initier au Tennis. Enti\u00e8rement financ\u00e9 par l\u2019Avenir Social, ce stage se d\u00e9roulera au sein du complexe \u00ab\u00a0Tennis Plus\u00a0\u00bb. L\u2019UL CGT de Montreuil, partenaire de cette initiative, vous invite \u00e0 solliciter les familles priv\u00e9es d\u2019emploi et pr\u00e9caires, au sein du r\u00e9seau CGT, afin de nous faire remonter les pr\u00e9 inscriptions.<\/p>\n","protected":false},"excerpt":{"rendered":"<p>&nbsp; Les br\u00e8ves de l\u2019UL CGT de Montreuil, 24, rue de Paris \u00a0 Je, Tu, UL\u2026\u00a0Fin Octobre 2007\u00a0N\u00b0 3 \u00ab\u00a0La lutte, c\u2019est classe\u00a0!\u00a0\u00bb COMITE GENERAL DE L\u2019UL \u2013 EN ATTENDANT LA GREVE\u00a0! Grand Hall du Parc Montreau \u2013 les 15 et 16 novembre, se tiendra le Comit\u00e9 G\u00e9n\u00e9ral de votre Union Locale. Trait d\u2019union entre &hellip; <\/p>\n","protected":false},"author":1,"featured_media":0,"comment_status":"closed","ping_status":"open","sticky":false,"template":"","format":"standard","meta":{"footnotes":""},"categories":[2],"tags":[],"class_list":{"0":"entry","1":"post","2":"publish","3":"author-ulmontreuil","4":"post-337","6":"format-standard","7":"category-je-tu-ul"},"_links":{"self":[{"href":"https:\/\/www.lacgtmontreuil.fr\/index.php?rest_route=\/wp\/v2\/posts\/337","targetHints":{"allow":["GET"]}}],"collection":[{"href":"https:\/\/www.lacgtmontreuil.fr\/index.php?rest_route=\/wp\/v2\/posts"}],"about":[{"href":"https:\/\/www.lacgtmontreuil.fr\/index.php?rest_route=\/wp\/v2\/types\/post"}],"author":[{"embeddable":true,"href":"https:\/\/www.lacgtmontreuil.fr\/index.php?rest_route=\/wp\/v2\/users\/1"}],"replies":[{"embeddable":true,"href":"https:\/\/www.lacgtmontreuil.fr\/index.php?rest_route=%2Fwp%2Fv2%2Fcomments&post=337"}],"version-history":[{"count":1,"href":"https:\/\/www.lacgtmontreuil.fr\/index.php?rest_route=\/wp\/v2\/posts\/337\/revisions"}],"predecessor-version":[{"id":339,"href":"https:\/\/www.lacgtmontreuil.fr\/index.php?rest_route=\/wp\/v2\/posts\/337\/revisions\/339"}],"wp:attachment":[{"href":"https:\/\/www.lacgtmontreuil.fr\/index.php?rest_route=%2Fwp%2Fv2%2Fmedia&parent=337"}],"wp:term":[{"taxonomy":"category","embeddable":true,"href":"https:\/\/www.lacgtmontreuil.fr\/index.php?rest_route=%2Fwp%2Fv2%2Fcategories&post=337"},{"taxonomy":"post_tag","embeddable":true,"href":"https:\/\/www.lacgtmontreuil.fr\/index.php?rest_route=%2Fwp%2Fv2%2Ftags&post=337"}],"curies":[{"name":"wp","href":"https:\/\/api.w.org\/{rel}","templated":true}]}}