{"id":334,"date":"2018-01-15T18:42:05","date_gmt":"2018-01-15T17:42:05","guid":{"rendered":"http:\/\/www.lacgtmontreuil.fr\/?p=334"},"modified":"2018-01-15T18:42:05","modified_gmt":"2018-01-15T17:42:05","slug":"je-tu-ul-debut-octobre-2007-n-2","status":"publish","type":"post","link":"https:\/\/www.lacgtmontreuil.fr\/?p=334","title":{"rendered":"Je, Tu, Ul&#8230; D\u00e9but Octobre 2007  N\u00b0 2"},"content":{"rendered":"<p>&nbsp;<\/p>\n<p><strong> Les br\u00e8ves de l\u2019UL CGT de Montreuil, 24, rue de Paris<\/strong><\/p>\n<p><img loading=\"lazy\" decoding=\"async\" width=\"109\" height=\"155\" class=\"wp-image-335\" src=\"https:\/\/www.lacgtmontreuil.fr\/wp-content\/uploads\/2018\/01\/logo_cgt-1.jpeg\" alt=\"logo_cgt\" \/> \u00a0 <strong>Je, Tu, UL\u2026 D\u00e9but Octobre 2007\u00a0 N\u00b0 2<\/strong><\/p>\n<p>\u00ab\u00a0<em>Travailler moins pour travailler tous<\/em>\u00a0\u00bb<\/p>\n<p><strong>OUVERTURE CHEZ SEMI-FERMETURES\u00a0:<\/strong> 67 Avenue Pasteur \u2013 Tr\u00e8s ferm\u00e9e au droit syndical, la SAS SEMI-FERMETURES vient de recevoir une belle lettre de notre camarade Tony FRANCOIS. Au nom de la section CGT en voie de constitution, il revendique la mise en place de d\u00e9l\u00e9gu\u00e9s du personnel\u2026 ce qui ne laissera gu\u00e8re le choix au patron, pourtant sp\u00e9cialiste du rideau de fer\u00a0!<\/p>\n<p><strong>TZF\u00a0: \u00ab\u00a0VOS HORAIRES DEPROGRAMMES\u00a0\u00bb\u00a0!\u00a0:<\/strong> Rue Gutenberg \u2013 Apr\u00e8s avoir g\u00e9n\u00e9reusement propos\u00e9 des augmentations de salaire largement en de\u00e7\u00e0 de l\u2019inflation, la direction vient de d\u00e9noncer l\u2019accord de r\u00e9duction du temps de travail conclu en 2001. Travailler plus pour gagner moins, une id\u00e9e riche\u00a0! Des n\u00e9gociations sont pr\u00e9vues, la CGT en sera\u00a0!<\/p>\n<p><strong>AIR FRANCE\u00a0: CA PLANE DANS LES HAUTES SPHERES\u00a0!\u00a0:<\/strong> 30 Avenue L\u00e9on Gaumont \u2013 1,2 milliard de b\u00e9n\u00e9fices pour 2007, pas loin de 2 milliards pr\u00e9vus pour 2008, des r\u00e9sultats de haut vol\u00a0! Pourtant, sur les 40 salari\u00e9s en CDD embauch\u00e9s en 2007, la direction ne voulait en garder que 7\u00a0! Une soixantaine de leurs coll\u00e8gues CDI se sont rassembl\u00e9 le 24 septembre devant le si\u00e8ge \u00e0 l\u2019appel de la CGT et ont obtenu des prolongations de contrat pour 25 d\u2019entre eux.<\/p>\n<p><strong>DUPUIS, ECHALIE\u00a0: NOUVELLES ELECTIONS ET NOUVEAUX ELUS CGT<\/strong>\u00a0: Chez RENE DUPUIS S.A. \u2013 2\/6 Rue Danton \u2013 c\u2019est Rogerio BRANCO qui est \u00e9lu haut la main (FO dispara\u00eet) malgr\u00e9 l\u2019acharnement de l\u2019employeur qui r\u00e9clame son licenciement aupr\u00e8s du Minist\u00e8re du Travail. Chez ECHALIE \u2013 70, rue des Roches \u2013 notre camarade C\u00e9line PALANQUE est \u00e9lue au 1<sup>er<\/sup> tour, dans une entreprise o\u00f9 il n\u2019y avait plus de section CGT.<\/p>\n<p><strong>LES INSPECTEURS DE L\u2019URSSAF EN GREVE LE 16 OCTOBRE\u00a0: <\/strong>22\/24, rue de Lagny \u2013 Il est demand\u00e9 aux inspecteurs de l\u2019URSSAF de la R\u00e9gion Parisienne d\u2019assurer, en plus du contr\u00f4le des cotisations de s\u00e9curit\u00e9 sociale, celui des cotisations ASSEDIC et des Retraites Compl\u00e9mentaires. Quitte \u00e0 travailler plus, autant gagner plus, se sont dit les inspecteurs URSSAF, r\u00e9unis le 11 septembre en Assembl\u00e9e G\u00e9n\u00e9rale\u00a0: ils seront en gr\u00e8ve le 16\/10 pour revendiquer l\u2019attribution de 60 points suppl\u00e9mentaires (environ 415\u20ac) soutenus par l\u2019UGICT-CGT, la CFDT et le SNFOCOS.<\/p>\n<p><strong>LES NOUVEAUX ROBINSON POUR DE NOUVELLES AUGMENTATIONS\u00a0:<\/strong> 49, rue Raspail \u2013 La CGT a lanc\u00e9 une enqu\u00eate salaire \u00e0 laquelle ont massivement r\u00e9pondu les salari\u00e9s en vue des prochaines n\u00e9gociations annuelles obligatoires. La direction, qui aime afficher son label \u00ab\u00a0d\u2019entreprise solidaire\u00a0\u00bb, estime que seuls les cadres (10% du personnel) m\u00e9ritent d\u2019\u00eatre augment\u00e9s\u2026 Les salari\u00e9s, quant \u00e0 eux, exigent des augmentations au moins \u00e9gales \u00e0 l\u2019inflation (1,7%) et ont organis\u00e9, avec la CGT, la tenue d\u2019une Assembl\u00e9e G\u00e9n\u00e9rale pour le 31 octobre. A suivre\u2026<\/p>\n","protected":false},"excerpt":{"rendered":"<p>&nbsp; Les br\u00e8ves de l\u2019UL CGT de Montreuil, 24, rue de Paris \u00a0 Je, Tu, UL\u2026 D\u00e9but Octobre 2007\u00a0 N\u00b0 2 \u00ab\u00a0Travailler moins pour travailler tous\u00a0\u00bb OUVERTURE CHEZ SEMI-FERMETURES\u00a0: 67 Avenue Pasteur \u2013 Tr\u00e8s ferm\u00e9e au droit syndical, la SAS SEMI-FERMETURES vient de recevoir une belle lettre de notre camarade Tony FRANCOIS. Au nom de &hellip; <\/p>\n","protected":false},"author":1,"featured_media":0,"comment_status":"closed","ping_status":"open","sticky":false,"template":"","format":"standard","meta":{"footnotes":""},"categories":[2],"tags":[],"class_list":{"0":"entry","1":"post","2":"publish","3":"author-ulmontreuil","4":"post-334","6":"format-standard","7":"category-je-tu-ul"},"_links":{"self":[{"href":"https:\/\/www.lacgtmontreuil.fr\/index.php?rest_route=\/wp\/v2\/posts\/334","targetHints":{"allow":["GET"]}}],"collection":[{"href":"https:\/\/www.lacgtmontreuil.fr\/index.php?rest_route=\/wp\/v2\/posts"}],"about":[{"href":"https:\/\/www.lacgtmontreuil.fr\/index.php?rest_route=\/wp\/v2\/types\/post"}],"author":[{"embeddable":true,"href":"https:\/\/www.lacgtmontreuil.fr\/index.php?rest_route=\/wp\/v2\/users\/1"}],"replies":[{"embeddable":true,"href":"https:\/\/www.lacgtmontreuil.fr\/index.php?rest_route=%2Fwp%2Fv2%2Fcomments&post=334"}],"version-history":[{"count":1,"href":"https:\/\/www.lacgtmontreuil.fr\/index.php?rest_route=\/wp\/v2\/posts\/334\/revisions"}],"predecessor-version":[{"id":336,"href":"https:\/\/www.lacgtmontreuil.fr\/index.php?rest_route=\/wp\/v2\/posts\/334\/revisions\/336"}],"wp:attachment":[{"href":"https:\/\/www.lacgtmontreuil.fr\/index.php?rest_route=%2Fwp%2Fv2%2Fmedia&parent=334"}],"wp:term":[{"taxonomy":"category","embeddable":true,"href":"https:\/\/www.lacgtmontreuil.fr\/index.php?rest_route=%2Fwp%2Fv2%2Fcategories&post=334"},{"taxonomy":"post_tag","embeddable":true,"href":"https:\/\/www.lacgtmontreuil.fr\/index.php?rest_route=%2Fwp%2Fv2%2Ftags&post=334"}],"curies":[{"name":"wp","href":"https:\/\/api.w.org\/{rel}","templated":true}]}}