{"id":330,"date":"2018-01-15T18:35:16","date_gmt":"2018-01-15T17:35:16","guid":{"rendered":"http:\/\/www.lacgtmontreuil.fr\/?p=330"},"modified":"2018-01-15T18:37:01","modified_gmt":"2018-01-15T17:37:01","slug":"330","status":"publish","type":"post","link":"https:\/\/www.lacgtmontreuil.fr\/?p=330","title":{"rendered":"Je, Tu, Ul&#8230; Fin septembre 2007 N\u00b01"},"content":{"rendered":"<p>&nbsp;<\/p>\n<p><strong> Les br\u00e8ves de l\u2019UL CGT de Montreuil, 24, rue de Paris<\/strong><\/p>\n<p><img loading=\"lazy\" decoding=\"async\" class=\"wp-image-331\" src=\"https:\/\/www.lacgtmontreuil.fr\/wp-content\/uploads\/2018\/01\/logo_cgt.jpeg\" alt=\"logo_cgt\" width=\"104\" height=\"148\" \/><strong>\u00a0\u00a0\u00a0\u00a0 Je, Tu, UL\u2026 Fin Septembre 2007\u00a0\u00a0 N\u00b0 1<\/strong><\/p>\n<p>\u00ab\u00a0<em>C\u2019est arriv\u00e9 pr\u00e8s de chez vous<\/em>\u00a0\u00bb<\/p>\n<p><strong>EPOXY, INJURES NON\u00a0! :<\/strong> Avenue Salvador Allende, chez Montreuil-Epoxy \u00e0 Mozinor, c\u2019est \u00e0 coup de \u00ab\u00a0Gonzesses\u00a0! Maniez-vous le cul\u00a0!\u00a0\u00bb que le manager manage\u2026 La CGT n\u2019a pas laiss\u00e9 dire\u00a0: apr\u00e8s 2 heures de gr\u00e8ve le 18\/09, les salari\u00e9s obtiennent le retrait des sanctions et 3% d\u2019augmentation sur les salaires au 1<sup>er<\/sup> d\u00e9cembre qui s\u2019ajouteront aux 3% du d\u00e9but 2007.<\/p>\n<p><strong>DES MIETTES CHEZ TZF\u00a0:<\/strong> Rue Gutenberg \u2013 La direction a du prendre ses coursiers et chauffeurs pour des pigeons\u2026 voyageurs. Elle propose 1% d\u2019augmentation sur les \u00ab\u00a0bas salaires\u00a0\u00bb (o\u00f9 sont les hauts\u00a0?) et 2% si les r\u00e9sultats de TZF d\u00e9passent 90000\u20ac. CGT et CFDT ont constat\u00e9 le d\u00e9saccord\u00a0!<\/p>\n<p><strong>CIRCULATION DANGEREUSE :<\/strong> Rue Erignac \u2013 La ville bouge\u00a0! Et les salari\u00e9s de la BNP et du Minist\u00e8re des Finances grognent\u00a0: depuis 1 an et demi la rue Erignac est en travaux\u00a0: chauss\u00e9es et trottoirs d\u00e9fonc\u00e9s, signalisation routi\u00e8re al\u00e9atoire, circulation difficile. Annie BERNARD, militante CGT \u00e0 la BNP, soutenue par l\u2019Union Locale a \u00e9crit au Maire pour demander une intervention rapide. A suivre\u2026<\/p>\n<p><strong>LA DIRECTION DU FOYER GLASBERG AURAIT-ELLE LES OREILLES BOUCHEES\u00a0?:<\/strong> Rue Georges M\u00e9li\u00e8s \u2013 Malgr\u00e9 plusieurs courriers de la CGT r\u00e9clamant l\u2019ouverture de n\u00e9gociation sur la nouvelle organisation du travail, conform\u00e9ment \u00e0 l\u2019article L. 132-8, le directeur fait la sourde oreille. L\u2019union Locale a d\u00e9sign\u00e9 Charlotte BOKWANGO BONYEME pour briser le mur du silence\u00a0!<\/p>\n<p><strong>HORTEFEUX NOUS LES CHAUFFE\u00a0! :<\/strong> L\u2019UL-CGT s\u2019associera au rassemblement contre les lois visant le droit \u00e0 la famille pour les travailleurs immigr\u00e9s, le 26\/09 devant la Mairie de Montreuil<\/p>\n<p><strong>LES JEUX DE PEKIN\u00a0?\u00a0: <\/strong>Rue de Lagny \u2013 au 44, chez BEAUMAT et RACKHAM, on dessinait, peignait et fondait des figurines en plomb vendues \u00e0 prix d\u2019or \u00e0 travers le monde. Mais pour le patron, mieux vaut fabriquer en Chine des figurines en plastique que fondre \u00e0 Montreuil des jouets en plomb. Bilan\u00a0: 48 licenciements\u00a0! Quant \u00e0 son argent, les licenci\u00e9s ne risquent pas de le faire fondre\u00a0: c\u2019est l\u2019UNEDIC qui devra payer la note de la d\u00e9localisation \u00ab\u00a0environnementale\u00a0\u00bb<\/p>\n","protected":false},"excerpt":{"rendered":"<p>&nbsp; Les br\u00e8ves de l\u2019UL CGT de Montreuil, 24, rue de Paris \u00a0\u00a0\u00a0\u00a0 Je, Tu, UL\u2026 Fin Septembre 2007\u00a0\u00a0 N\u00b0 1 \u00ab\u00a0C\u2019est arriv\u00e9 pr\u00e8s de chez vous\u00a0\u00bb EPOXY, INJURES NON\u00a0! : Avenue Salvador Allende, chez Montreuil-Epoxy \u00e0 Mozinor, c\u2019est \u00e0 coup de \u00ab\u00a0Gonzesses\u00a0! Maniez-vous le cul\u00a0!\u00a0\u00bb que le manager manage\u2026 La CGT n\u2019a pas laiss\u00e9 &hellip; <\/p>\n","protected":false},"author":1,"featured_media":0,"comment_status":"closed","ping_status":"open","sticky":false,"template":"","format":"standard","meta":{"footnotes":""},"categories":[2],"tags":[],"class_list":{"0":"entry","1":"post","2":"publish","3":"author-ulmontreuil","4":"post-330","6":"format-standard","7":"category-je-tu-ul"},"_links":{"self":[{"href":"https:\/\/www.lacgtmontreuil.fr\/index.php?rest_route=\/wp\/v2\/posts\/330","targetHints":{"allow":["GET"]}}],"collection":[{"href":"https:\/\/www.lacgtmontreuil.fr\/index.php?rest_route=\/wp\/v2\/posts"}],"about":[{"href":"https:\/\/www.lacgtmontreuil.fr\/index.php?rest_route=\/wp\/v2\/types\/post"}],"author":[{"embeddable":true,"href":"https:\/\/www.lacgtmontreuil.fr\/index.php?rest_route=\/wp\/v2\/users\/1"}],"replies":[{"embeddable":true,"href":"https:\/\/www.lacgtmontreuil.fr\/index.php?rest_route=%2Fwp%2Fv2%2Fcomments&post=330"}],"version-history":[{"count":2,"href":"https:\/\/www.lacgtmontreuil.fr\/index.php?rest_route=\/wp\/v2\/posts\/330\/revisions"}],"predecessor-version":[{"id":333,"href":"https:\/\/www.lacgtmontreuil.fr\/index.php?rest_route=\/wp\/v2\/posts\/330\/revisions\/333"}],"wp:attachment":[{"href":"https:\/\/www.lacgtmontreuil.fr\/index.php?rest_route=%2Fwp%2Fv2%2Fmedia&parent=330"}],"wp:term":[{"taxonomy":"category","embeddable":true,"href":"https:\/\/www.lacgtmontreuil.fr\/index.php?rest_route=%2Fwp%2Fv2%2Fcategories&post=330"},{"taxonomy":"post_tag","embeddable":true,"href":"https:\/\/www.lacgtmontreuil.fr\/index.php?rest_route=%2Fwp%2Fv2%2Ftags&post=330"}],"curies":[{"name":"wp","href":"https:\/\/api.w.org\/{rel}","templated":true}]}}