{"id":3038,"date":"2019-03-02T18:23:42","date_gmt":"2019-03-02T17:23:42","guid":{"rendered":"http:\/\/www.lacgtmontreuil.fr\/?p=3038"},"modified":"2019-03-02T18:23:42","modified_gmt":"2019-03-02T17:23:42","slug":"je-tu-ul-debut-mars-2019-n325","status":"publish","type":"post","link":"https:\/\/www.lacgtmontreuil.fr\/?p=3038","title":{"rendered":"Je, Tu, UL\u2026  D\u00e9but Mars 2019  N\u00b0325"},"content":{"rendered":"<p><a href=\"https:\/\/www.lacgtmontreuil.fr\/wp-content\/uploads\/2019\/01\/logo_cgt-ul-MONTREUIL-4.jpg\"><img loading=\"lazy\" decoding=\"async\" class=\"alignnone  wp-image-2768\" src=\"https:\/\/www.lacgtmontreuil.fr\/wp-content\/uploads\/2019\/01\/logo_cgt-ul-MONTREUIL-4-199x300.jpg\" alt=\"\" width=\"115\" height=\"173\" srcset=\"https:\/\/www.lacgtmontreuil.fr\/wp-content\/uploads\/2019\/01\/logo_cgt-ul-MONTREUIL-4-199x300.jpg 199w, https:\/\/www.lacgtmontreuil.fr\/wp-content\/uploads\/2019\/01\/logo_cgt-ul-MONTREUIL-4.jpg 476w\" sizes=\"auto, (max-width: 115px) 100vw, 115px\" \/><\/a><strong>\u00a0\u00a0\u00a0\u00a0\u00a0\u00a0\u00a0\u00a0\u00a0\u00a0\u00a0\u00a0\u00a0\u00a0\u00a0\u00a0\u00a0\u00a0\u00a0\u00a0\u00a0\u00a0\u00a0\u00a0\u00a0\u00a0\u00a0\u00a0\u00a0\u00a0\u00a0\u00a0\u00a0 Je, Tu, UL\u2026\u00a0 D\u00e9but Mars 2019\u00a0 N\u00b0325 <\/strong><\/p>\n<p><em>\u00ab\u00a0Des radars\u2026 pour combattre les exc\u00e8s de mis\u00e8re\u00a0\u00bb<\/em><\/p>\n<p><a href=\"https:\/\/www.lacgtmontreuil.fr\/\"><strong>https:\/\/www.lacgtmontreuil.fr\/<\/strong><\/a><\/p>\n<p style=\"text-align: justify;\"><strong>PARTICIPE PASS\u00c9\u00a0:<\/strong> 235, rue Etienne Marcel \u2013 Chez CARREFOUR, la participation 2019 est en berne. La CGT estime son recul moyen par employ\u00e9-e \u00e0 200 euros\u00a0: or, c\u2019est exactement la somme que le groupe a octroy\u00e9 au titre de la \u00ab\u00a0prime Macron\u00a0\u00bb de vie ch\u00e8re. Un touer de passe-passe qui donne tout son sens \u00e0 la revendication d\u2019une augmentation salariale imm\u00e9diate de 300 euros et d\u2019une grille des salaires revaloris\u00e9e \u00e0 partir d\u2019un salaire plancher de 1800 euros mensuels.<\/p>\n<p style=\"text-align: justify;\"><strong>IMP\u00d4TS-CIBLE\u00a0:<\/strong> 33 bis, rue Parmentier \u2013 Au CENTRE DES IMP\u00d4TS de Montreuil, l\u2019usine \u00e0 gaz du pr\u00e9l\u00e8vement \u00e0 la source continue de faire des vagues avec le manque criant de fonctionnaires statutaires pour accueillir les contribuables. Un accueil que le plan DARMANIN-PARENT envisage de d\u00e9membrer avec une agence nationale de recouvrement et de nombreuses suppressions de tr\u00e9soreries\u2026 et de postes. Face \u00e0 la gravit\u00e9 de la situation, les syndicats CGT et FO des imp\u00f4ts appellent \u00e0 une AG le 11 mars au matin et proposent la gr\u00e8ve comme modalit\u00e9 d\u2019action.<\/p>\n<p style=\"text-align: justify;\"><strong>ATROCE GESTION : <\/strong>6-12, avenue Jean Moulin \u2013 ATRIUM GESTION, syndic de la R\u00e9sidence des ormes, venait de licencier celle qui assurait depuis plus de 20 ans le gardiennage des 148 logements que compte le site, situ\u00e9 face au cimeti\u00e8re. Harcel\u00e9e par une poign\u00e9e de r\u00e9sidents, elle ne l\u2019a pas support\u00e9 et s\u2019est suicid\u00e9e, face \u00e0 la menace de perdre \u00e0 la fois son travail et son logement\u00a0: et en laissant une lettre pour la copropri\u00e9t\u00e9, s\u2019excusant aupr\u00e8s de celles et ceux \u2013 les plus nombreux \u2013 qui l\u2019avaient d\u00e9fendue. Voir notre <a href=\"https:\/\/www.lacgtmontreuil.fr\/?p=2747\">Edito<\/a> sur le site.<\/p>\n<p style=\"text-align: justify;\"><strong>CSE \u00c1 ANTICIPER :<\/strong> 263, rue de Paris \u2013 A l\u2019AFUL-CGT comme ailleurs, le remplacement des anciennes instances repr\u00e9sentatives du personnel doit intervenir avant la fin 2019, avec l\u2019\u00e9lection du CSE. Afin d\u2019en pr\u00e9parer la mise en place, le syndicat CGT a donc d\u00e9sign\u00e9 notre camarade Jean-Philippe HEL pour permettre le d\u00e9marrage de la n\u00e9gociation pr\u00e9alable d\u00e9di\u00e9e \u00e0 son fonctionnement et \u00e0 ses moyens.<\/p>\n<p style=\"text-align: justify;\"><strong>AIR FRAIS\u00a0:<\/strong> 30, avenue L\u00e9on Gaumont \u2013 AIR-FRANCE\/KLM joue, selon la CGT, un \u00ab\u00a0th\u00e9\u00e2tre de Guignol\u00a0\u00bb avec la mise en sc\u00e8ne par le ministre Bruno LEMAIRE de la f\u00e2cherie entre l\u2019actionnaire public fran\u00e7ais et l\u2019actionnaire public n\u00e9erlandais. Aurait-il oubli\u00e9 que le d\u00e9sengagement de la France (privatisation d\u2019Air France), puis la d\u00e9signation d\u2019un PDG canadien (Benjamin SMITH) visait \u00e0 concilier orthodoxie lib\u00e9rale et transferts de souverainet\u00e9 vers l\u2019Europe\u00a0? Auquel cas, l\u2019option de la renationalisation reste sur la table\u00a0!<\/p>\n<p style=\"text-align: justify;\"><strong>L\u2019AEF SE D\u00c9FEND\u00a0:<\/strong> 72 bis, avenue Pasteur \u2013 A l\u2019AEF (Association d\u2019Entraide Francilienne), le personnel s\u2019inqui\u00e8te de l\u2019opacit\u00e9 des finances et des incoh\u00e9rences apparues sur les bulletins de paie. Faute de r\u00e9ponse, 12 salari\u00e9s ont d\u00e9cid\u00e9 de se syndiquer \u00e0 la CGT et de d\u00e9signer notre camarade Annie GARRIGUES comme repr\u00e9sentante de la section syndicale en attendant l\u2019\u00e9lection d\u2019un CSE.<\/p>\n","protected":false},"excerpt":{"rendered":"<p>\u00a0\u00a0\u00a0\u00a0\u00a0\u00a0\u00a0\u00a0\u00a0\u00a0\u00a0\u00a0\u00a0\u00a0\u00a0\u00a0\u00a0\u00a0\u00a0\u00a0\u00a0\u00a0\u00a0\u00a0\u00a0\u00a0\u00a0\u00a0\u00a0\u00a0\u00a0\u00a0\u00a0 Je, Tu, UL\u2026\u00a0 D\u00e9but Mars 2019\u00a0 N\u00b0325 \u00ab\u00a0Des radars\u2026 pour combattre les exc\u00e8s de mis\u00e8re\u00a0\u00bb https:\/\/www.lacgtmontreuil.fr\/ PARTICIPE PASS\u00c9\u00a0: 235, rue Etienne Marcel \u2013 Chez CARREFOUR, la participation 2019 est en berne. La CGT estime son recul moyen par employ\u00e9-e \u00e0 200 euros\u00a0: or, c\u2019est exactement la somme que le groupe a octroy\u00e9 au titre &hellip; <\/p>\n","protected":false},"author":1,"featured_media":0,"comment_status":"closed","ping_status":"open","sticky":false,"template":"","format":"standard","meta":{"footnotes":""},"categories":[2],"tags":[],"class_list":{"0":"entry","1":"post","2":"publish","3":"author-ulmontreuil","4":"post-3038","6":"format-standard","7":"category-je-tu-ul"},"_links":{"self":[{"href":"https:\/\/www.lacgtmontreuil.fr\/index.php?rest_route=\/wp\/v2\/posts\/3038","targetHints":{"allow":["GET"]}}],"collection":[{"href":"https:\/\/www.lacgtmontreuil.fr\/index.php?rest_route=\/wp\/v2\/posts"}],"about":[{"href":"https:\/\/www.lacgtmontreuil.fr\/index.php?rest_route=\/wp\/v2\/types\/post"}],"author":[{"embeddable":true,"href":"https:\/\/www.lacgtmontreuil.fr\/index.php?rest_route=\/wp\/v2\/users\/1"}],"replies":[{"embeddable":true,"href":"https:\/\/www.lacgtmontreuil.fr\/index.php?rest_route=%2Fwp%2Fv2%2Fcomments&post=3038"}],"version-history":[{"count":1,"href":"https:\/\/www.lacgtmontreuil.fr\/index.php?rest_route=\/wp\/v2\/posts\/3038\/revisions"}],"predecessor-version":[{"id":3044,"href":"https:\/\/www.lacgtmontreuil.fr\/index.php?rest_route=\/wp\/v2\/posts\/3038\/revisions\/3044"}],"wp:attachment":[{"href":"https:\/\/www.lacgtmontreuil.fr\/index.php?rest_route=%2Fwp%2Fv2%2Fmedia&parent=3038"}],"wp:term":[{"taxonomy":"category","embeddable":true,"href":"https:\/\/www.lacgtmontreuil.fr\/index.php?rest_route=%2Fwp%2Fv2%2Fcategories&post=3038"},{"taxonomy":"post_tag","embeddable":true,"href":"https:\/\/www.lacgtmontreuil.fr\/index.php?rest_route=%2Fwp%2Fv2%2Ftags&post=3038"}],"curies":[{"name":"wp","href":"https:\/\/api.w.org\/{rel}","templated":true}]}}