{"id":3029,"date":"2019-03-02T18:20:27","date_gmt":"2019-03-02T17:20:27","guid":{"rendered":"http:\/\/www.lacgtmontreuil.fr\/?p=3029"},"modified":"2019-03-02T18:20:27","modified_gmt":"2019-03-02T17:20:27","slug":"je-tu-ul-fin-fevrier-2019-n324","status":"publish","type":"post","link":"https:\/\/www.lacgtmontreuil.fr\/?p=3029","title":{"rendered":"Je, Tu, UL\u2026  Fin F\u00e9vrier 2019  N\u00b0324"},"content":{"rendered":"<p><a href=\"https:\/\/www.lacgtmontreuil.fr\/wp-content\/uploads\/2019\/01\/logo_cgt-ul-MONTREUIL-4.jpg\"><img loading=\"lazy\" decoding=\"async\" class=\"alignnone  wp-image-2768\" src=\"https:\/\/www.lacgtmontreuil.fr\/wp-content\/uploads\/2019\/01\/logo_cgt-ul-MONTREUIL-4-199x300.jpg\" alt=\"\" width=\"115\" height=\"173\" srcset=\"https:\/\/www.lacgtmontreuil.fr\/wp-content\/uploads\/2019\/01\/logo_cgt-ul-MONTREUIL-4-199x300.jpg 199w, https:\/\/www.lacgtmontreuil.fr\/wp-content\/uploads\/2019\/01\/logo_cgt-ul-MONTREUIL-4.jpg 476w\" sizes=\"auto, (max-width: 115px) 100vw, 115px\" \/><\/a>\u00a0\u00a0\u00a0\u00a0\u00a0\u00a0\u00a0\u00a0\u00a0\u00a0\u00a0\u00a0\u00a0\u00a0\u00a0\u00a0\u00a0\u00a0\u00a0\u00a0\u00a0\u00a0\u00a0\u00a0\u00a0\u00a0\u00a0\u00a0\u00a0\u00a0\u00a0\u00a0\u00a0\u00a0\u00a0 <strong>Je, Tu, UL\u2026\u00a0 Fin F\u00e9vrier 2019\u00a0 N\u00b0324 <\/strong><\/p>\n<p><em>\u00ab\u00a0Tol\u00e9rance z\u00e9ro pour les CAC 40 voleurs\u00a0\u00bb<\/em><\/p>\n<p><a href=\"https:\/\/www.lacgtmontreuil.fr\/\"><strong>https:\/\/www.lacgtmontreuil.fr\/<\/strong><\/a><\/p>\n<p style=\"text-align: justify;\"><strong>R\u00c9ORGANISATION DANGEREUSE\u00a0:<\/strong> 3, rue Franklin \u2013 A l\u2019AFPA, c\u2019est le CHSCT qui, apr\u00e8s avoir analys\u00e9 les 4245 questionnaires retourn\u00e9s par les salari\u00e9s et interrog\u00e9 la Direction, conclut \u00e0 la dangerosit\u00e9 et \u00e0 la fiabilit\u00e9 \u00e9conomique \u00ab\u00a0improbable\u00a0\u00bb du projet de r\u00e9organisation\u2026 lequel cible les formateurs et aboutirait \u00e0 des \u00ab\u00a0pertes de comp\u00e9tences massives\u00a0\u00bb. La CGT qui n\u2019a pas accept\u00e9 l\u2019accord de m\u00e9thode, a d\u00e9nonc\u00e9 lors de la n\u00e9gociation des 20 et 21 f\u00e9vrier une situation de \u00ab\u00a0faillite organisationnelle\u00a0\u00bb de l\u2019agence, visant \u00e0 c\u00e9der la place \u00e0 la concurrence pour limiter les remontrances de Bruxelles.<\/p>\n<p style=\"text-align: justify;\"><strong>EN QU\u00caTE D\u2019ENQU\u00caTE\u00a0:<\/strong> 60, rue Franklin \u2013 Au SERVICE JEUNESSE de la Ville (DJEP), la maltraitance dont se plaignaient en 2015 les animateurs et agents territoriaux avait fait l\u2019objet d\u2019une alerte au Comit\u00e9 Technique Paritaire ainsi qu\u2019au CHSCT, de la part des 3 syndicats CGT, FSU et FO. Le maire-adjoint charg\u00e9 du personnel, F. MOLOSSI, s\u2019\u00e9tait alors engag\u00e9 \u00e0 diligenter une enqu\u00eate administrative. 4 ans plus tard, toujours pas d\u2019enqu\u00eate\u2026 Aussi 7 agents ont d\u00e9cid\u00e9 de porter devant les Tribunaux les propos discriminatoires (voire racistes) de leur encadrement de l\u2019\u00e9poque, et le harc\u00e8lement dont ils ont \u00e9t\u00e9 victimes.<\/p>\n<p style=\"text-align: justify;\"><strong>AU NON DES ROBINSONS: <\/strong>49, rue Raspail \u2013 Les NOUVEAUX ROBINSONS vont prochainement mettre en place le CSE qui se substituera \u00e0 l\u2019actuelle repr\u00e9sentation du personnel. Le Code du travail exigeant une n\u00e9gociation pr\u00e9alable, la CGT a formul\u00e9 une s\u00e9rie de propositions afin d\u2019adapter la future instance aux particularit\u00e9s de la coop\u00e9rative\u00a0: d\u00e9l\u00e9gu\u00e9s de proximit\u00e9, disponibilit\u00e9 des \u00e9lus suppl\u00e9ants, cr\u00e9ation de commissions (\u00e9cologique, \u00e9conomique, sur la protection des donn\u00e9es personnelles, etc). H\u00e9las, c\u2019est \u00e0 un non syst\u00e9matique avec renvoi au strict minimum l\u00e9gal que s\u2019est heurt\u00e9e la CGT, assorti d\u2019une vague promesse d\u2019une r\u00e9ouverture des n\u00e9gociations\u2026 si la CGT perdait les prochaines \u00e9lections\u00a0!<\/p>\n<p style=\"text-align: justify;\"><strong>LA NVO VEUT DU NOUVEAU :<\/strong> 263, rue de Paris \u2013 La NOUVELLE VIE OUVRIERE, magazine statutaire de la CGT, s\u2019interroge sur son devenir. Le 19 f\u00e9vrier, le syndicat multi professionnel de la NVO tenait son congr\u00e8s avec une trentaine de pr\u00e9sents, bien d\u00e9cid\u00e9s \u00e0 faire reconna\u00eetre leur travail lors du 52<sup>\u00e8me<\/sup> Congr\u00e8s conf\u00e9d\u00e9ral. Un conseil syndical de 8 membres a \u00e9t\u00e9 \u00e9lu et notre camarade Sylviane GAUTHIER reconduite en qualit\u00e9 de secr\u00e9taire g\u00e9n\u00e9rale.<\/p>\n<p style=\"text-align: justify;\"><strong>AU FIL DES COS\u00a0:<\/strong> 11, rue Georges M\u00e9li\u00e8s \u2013 Au COS ALEXANDRE GLASBERG, ce sont les listes CGT renouvel\u00e9es aux deux tiers qui se pr\u00e9sentent aux suffrages des salari\u00e9s pour l\u2019\u00e9lection du nouveau CSE. Avec pour t\u00eate de liste sur l\u2019\u00e9tablissement notre camarade Esther KREMER SIKE NDOCKO, et de tr\u00e8s nombreuses autres listes CGT sur la quasi-totalit\u00e9 des COS de la Fondation.<\/p>\n","protected":false},"excerpt":{"rendered":"<p>\u00a0\u00a0\u00a0\u00a0\u00a0\u00a0\u00a0\u00a0\u00a0\u00a0\u00a0\u00a0\u00a0\u00a0\u00a0\u00a0\u00a0\u00a0\u00a0\u00a0\u00a0\u00a0\u00a0\u00a0\u00a0\u00a0\u00a0\u00a0\u00a0\u00a0\u00a0\u00a0\u00a0\u00a0\u00a0 Je, Tu, UL\u2026\u00a0 Fin F\u00e9vrier 2019\u00a0 N\u00b0324 \u00ab\u00a0Tol\u00e9rance z\u00e9ro pour les CAC 40 voleurs\u00a0\u00bb https:\/\/www.lacgtmontreuil.fr\/ R\u00c9ORGANISATION DANGEREUSE\u00a0: 3, rue Franklin \u2013 A l\u2019AFPA, c\u2019est le CHSCT qui, apr\u00e8s avoir analys\u00e9 les 4245 questionnaires retourn\u00e9s par les salari\u00e9s et interrog\u00e9 la Direction, conclut \u00e0 la dangerosit\u00e9 et \u00e0 la fiabilit\u00e9 \u00e9conomique \u00ab\u00a0improbable\u00a0\u00bb du projet de &hellip; <\/p>\n","protected":false},"author":1,"featured_media":0,"comment_status":"closed","ping_status":"open","sticky":false,"template":"","format":"standard","meta":{"footnotes":""},"categories":[2],"tags":[],"class_list":{"0":"entry","1":"post","2":"publish","3":"author-ulmontreuil","4":"post-3029","6":"format-standard","7":"category-je-tu-ul"},"_links":{"self":[{"href":"https:\/\/www.lacgtmontreuil.fr\/index.php?rest_route=\/wp\/v2\/posts\/3029","targetHints":{"allow":["GET"]}}],"collection":[{"href":"https:\/\/www.lacgtmontreuil.fr\/index.php?rest_route=\/wp\/v2\/posts"}],"about":[{"href":"https:\/\/www.lacgtmontreuil.fr\/index.php?rest_route=\/wp\/v2\/types\/post"}],"author":[{"embeddable":true,"href":"https:\/\/www.lacgtmontreuil.fr\/index.php?rest_route=\/wp\/v2\/users\/1"}],"replies":[{"embeddable":true,"href":"https:\/\/www.lacgtmontreuil.fr\/index.php?rest_route=%2Fwp%2Fv2%2Fcomments&post=3029"}],"version-history":[{"count":1,"href":"https:\/\/www.lacgtmontreuil.fr\/index.php?rest_route=\/wp\/v2\/posts\/3029\/revisions"}],"predecessor-version":[{"id":3035,"href":"https:\/\/www.lacgtmontreuil.fr\/index.php?rest_route=\/wp\/v2\/posts\/3029\/revisions\/3035"}],"wp:attachment":[{"href":"https:\/\/www.lacgtmontreuil.fr\/index.php?rest_route=%2Fwp%2Fv2%2Fmedia&parent=3029"}],"wp:term":[{"taxonomy":"category","embeddable":true,"href":"https:\/\/www.lacgtmontreuil.fr\/index.php?rest_route=%2Fwp%2Fv2%2Fcategories&post=3029"},{"taxonomy":"post_tag","embeddable":true,"href":"https:\/\/www.lacgtmontreuil.fr\/index.php?rest_route=%2Fwp%2Fv2%2Ftags&post=3029"}],"curies":[{"name":"wp","href":"https:\/\/api.w.org\/{rel}","templated":true}]}}