{"id":2972,"date":"2019-02-17T15:41:44","date_gmt":"2019-02-17T14:41:44","guid":{"rendered":"http:\/\/www.lacgtmontreuil.fr\/?p=2972"},"modified":"2019-02-17T15:41:44","modified_gmt":"2019-02-17T14:41:44","slug":"je-tu-ul-mi-fevrier-2019-n323","status":"publish","type":"post","link":"https:\/\/www.lacgtmontreuil.fr\/?p=2972","title":{"rendered":"Je, Tu, UL\u2026  Mi-F\u00e9vrier 2019  N\u00b0323"},"content":{"rendered":"<p><a href=\"https:\/\/www.lacgtmontreuil.fr\/wp-content\/uploads\/2019\/01\/logo_cgt-ul-MONTREUIL-4.jpg\"><img loading=\"lazy\" decoding=\"async\" class=\"alignnone  wp-image-2768\" src=\"https:\/\/www.lacgtmontreuil.fr\/wp-content\/uploads\/2019\/01\/logo_cgt-ul-MONTREUIL-4-199x300.jpg\" alt=\"\" width=\"135\" height=\"203\" srcset=\"https:\/\/www.lacgtmontreuil.fr\/wp-content\/uploads\/2019\/01\/logo_cgt-ul-MONTREUIL-4-199x300.jpg 199w, https:\/\/www.lacgtmontreuil.fr\/wp-content\/uploads\/2019\/01\/logo_cgt-ul-MONTREUIL-4.jpg 476w\" sizes=\"auto, (max-width: 135px) 100vw, 135px\" \/><\/a><strong>\u00a0\u00a0\u00a0\u00a0\u00a0\u00a0\u00a0\u00a0\u00a0\u00a0\u00a0\u00a0\u00a0\u00a0\u00a0\u00a0\u00a0\u00a0\u00a0\u00a0\u00a0\u00a0\u00a0\u00a0\u00a0\u00a0\u00a0\u00a0\u00a0\u00a0\u00a0\u00a0\u00a0\u00a0\u00a0\u00a0\u00a0\u00a0\u00a0\u00a0\u00a0\u00a0 Je, Tu, UL\u2026\u00a0 Mi-F\u00e9vrier 2019\u00a0 N\u00b0323 <\/strong><\/p>\n<p><em>\u00ab\u00a0Les capitalistes vivent au-dessus de nos moyens\u00bb<\/em><\/p>\n<p><a href=\"https:\/\/www.lacgtmontreuil.fr\/\"><strong>https:\/\/www.lacgtmontreuil.fr\/<\/strong><\/a><\/p>\n<p style=\"text-align: justify;\"><strong>L\u2019AFPA EN DIRECCTE\u00a0:<\/strong> 3, rue Franklin \u2013 Les repr\u00e9sentants du personnel de l\u2019AFPA \u00e9taient re\u00e7us le 5 f\u00e9vrier \u2013 avant la manifestation \u2013 \u00e0 la DIRECCTE 93, sur le projet de restructuration et de licenciements collectifs soumis \u00e0 homologation par la Direction. Un projet qui pourrait bien \u00eatre retoqu\u00e9 selon la CGT, au regard du flou entourant les cat\u00e9gories professionnelles concern\u00e9es en l\u2019absence de fiches emploi, et en raison de la pr\u00e9cipitation bafouant les d\u00e9lais de discussion. A l\u2019inverse, la CGT s\u2019inqui\u00e8te des tentatives de certains de vouloir signer un accord de m\u00e9thode qui faciliterait les desseins de l\u2019employeur.<\/p>\n<p style=\"text-align: justify;\"><strong>LES CH\u00d4MEURS S\u2019ORGANISENT\u00a0:<\/strong> 24, rue de Paris \u2013 Le COMITE CGT DES CH\u00d4MEURS ET PRECAIRES conviait, jeudi 14 au soir, \u00e0 une r\u00e9union publique sur les mauvais coups port\u00e9s \u00e0 l\u2019assurance-ch\u00f4mage. Une r\u00e9union qui aura permis la rencontre entre ch\u00f4meurs de Montreuil et syndiqu\u00e9s CGT de l\u2019agence P\u00f4le-Emploi\u00a0; avec une feuille de route commune contre les radiations abusives, un mail d\u00e9di\u00e9\u00a0: <a href=\"mailto:alerteradiation@cgt.fr\">alerteradiation@cgt.fr<\/a> et un calendrier d\u2019actions concr\u00e8tes.<\/p>\n<p style=\"text-align: justify;\"><strong>PROTESTATAIRES OU PROTESTANTS\u00a0?: <\/strong>88, rue Robespierre \u2013 Au CENTRE D\u2019ACTION SOCIALE PROTESTANTE (CASP), une troisi\u00e8me organisation syndicale vient de voir le jour, avec la d\u00e9signation de notre camarade Antoine DOS SANTOS en qualit\u00e9 de repr\u00e9sentant de la section syndicale CGT. Ce 16 f\u00e9vrier, la direction est m\u00eame invit\u00e9e \u00e0 porter cette d\u00e9signation \u00e0 la connaissance des 500 salari\u00e9s que compte l\u2019association.<\/p>\n<p style=\"text-align: justify;\"><strong>N\u00c9G(OCI)ATION ANNUELLE :<\/strong> 19, avenue de la R\u00e9sistance \u2013 Chez MONOPRIX, apr\u00e8s le gavage des actionnaires (587 millions d\u2019euros), il ne reste plus \u00e0 n\u00e9gocier\u2026 que le d\u00e9ni des besoins du personnel. Hormis la prime Macron, \u00e0 hauteur de 200 euros, la direction propose 1% pour les seuls employ\u00e9s et un saupoudrage de mesures cat\u00e9gorielles et individuelles pour les promotions. La CGT r\u00e9agit \u00e0 cette distribution de miettes con\u00e7ue pour diviser les salari\u00e9s, par cette maxime\u00a0: \u00ab\u00a0Tant que mon patron fera semblant de bien me payer, je ferai semblant de bien travailler\u00a0\u00bb.<\/p>\n<p style=\"text-align: justify;\"><strong>DR\u00d4LE DE SORORIT\u00c9\u00a0:<\/strong> 259-261, rue de Paris \u2013 L\u2019ASSOCIATION S\u0152UR EMMANUELLE (ASMAE) va organiser l\u2019\u00e9lection prochaine du CSE de son si\u00e8ge montreuillois, en parall\u00e8le avec un plan de licenciement collectif pour \u00ab\u00a0motif \u00e9conomique\u00a0\u00bb. Une m\u00e9thode qui alerte notre camarade Christophe JIBARD, repr\u00e9sentant CGT du personnel, quand ce site qui ne regroupe qu\u2019un quart de l\u2019effectif salari\u00e9 est seul tenu responsable de la situation financi\u00e8re de l\u2019ONG.<\/p>\n","protected":false},"excerpt":{"rendered":"<p>\u00a0\u00a0\u00a0\u00a0\u00a0\u00a0\u00a0\u00a0\u00a0\u00a0\u00a0\u00a0\u00a0\u00a0\u00a0\u00a0\u00a0\u00a0\u00a0\u00a0\u00a0\u00a0\u00a0\u00a0\u00a0\u00a0\u00a0\u00a0\u00a0\u00a0\u00a0\u00a0\u00a0\u00a0\u00a0\u00a0\u00a0\u00a0\u00a0\u00a0\u00a0\u00a0 Je, Tu, UL\u2026\u00a0 Mi-F\u00e9vrier 2019\u00a0 N\u00b0323 \u00ab\u00a0Les capitalistes vivent au-dessus de nos moyens\u00bb https:\/\/www.lacgtmontreuil.fr\/ L\u2019AFPA EN DIRECCTE\u00a0: 3, rue Franklin \u2013 Les repr\u00e9sentants du personnel de l\u2019AFPA \u00e9taient re\u00e7us le 5 f\u00e9vrier \u2013 avant la manifestation \u2013 \u00e0 la DIRECCTE 93, sur le projet de restructuration et de licenciements collectifs soumis \u00e0 homologation par &hellip; <\/p>\n","protected":false},"author":1,"featured_media":0,"comment_status":"closed","ping_status":"open","sticky":false,"template":"","format":"standard","meta":{"footnotes":""},"categories":[2],"tags":[],"class_list":{"0":"entry","1":"post","2":"publish","3":"author-ulmontreuil","4":"post-2972","6":"format-standard","7":"category-je-tu-ul"},"_links":{"self":[{"href":"https:\/\/www.lacgtmontreuil.fr\/index.php?rest_route=\/wp\/v2\/posts\/2972","targetHints":{"allow":["GET"]}}],"collection":[{"href":"https:\/\/www.lacgtmontreuil.fr\/index.php?rest_route=\/wp\/v2\/posts"}],"about":[{"href":"https:\/\/www.lacgtmontreuil.fr\/index.php?rest_route=\/wp\/v2\/types\/post"}],"author":[{"embeddable":true,"href":"https:\/\/www.lacgtmontreuil.fr\/index.php?rest_route=\/wp\/v2\/users\/1"}],"replies":[{"embeddable":true,"href":"https:\/\/www.lacgtmontreuil.fr\/index.php?rest_route=%2Fwp%2Fv2%2Fcomments&post=2972"}],"version-history":[{"count":1,"href":"https:\/\/www.lacgtmontreuil.fr\/index.php?rest_route=\/wp\/v2\/posts\/2972\/revisions"}],"predecessor-version":[{"id":2981,"href":"https:\/\/www.lacgtmontreuil.fr\/index.php?rest_route=\/wp\/v2\/posts\/2972\/revisions\/2981"}],"wp:attachment":[{"href":"https:\/\/www.lacgtmontreuil.fr\/index.php?rest_route=%2Fwp%2Fv2%2Fmedia&parent=2972"}],"wp:term":[{"taxonomy":"category","embeddable":true,"href":"https:\/\/www.lacgtmontreuil.fr\/index.php?rest_route=%2Fwp%2Fv2%2Fcategories&post=2972"},{"taxonomy":"post_tag","embeddable":true,"href":"https:\/\/www.lacgtmontreuil.fr\/index.php?rest_route=%2Fwp%2Fv2%2Ftags&post=2972"}],"curies":[{"name":"wp","href":"https:\/\/api.w.org\/{rel}","templated":true}]}}