{"id":2954,"date":"2019-02-02T19:29:21","date_gmt":"2019-02-02T18:29:21","guid":{"rendered":"http:\/\/www.lacgtmontreuil.fr\/?p=2954"},"modified":"2019-02-02T19:30:34","modified_gmt":"2019-02-02T18:30:34","slug":"je-tu-ul-fin-janvier-2019-n322","status":"publish","type":"post","link":"https:\/\/www.lacgtmontreuil.fr\/?p=2954","title":{"rendered":"Je, Tu, UL\u2026 Fin Janvier 2019  N\u00b0322"},"content":{"rendered":"<p><a href=\"https:\/\/www.lacgtmontreuil.fr\/wp-content\/uploads\/2019\/01\/logo_cgt-ul-MONTREUIL-4.jpg\"><img loading=\"lazy\" decoding=\"async\" class=\"alignnone wp-image-2768\" src=\"https:\/\/www.lacgtmontreuil.fr\/wp-content\/uploads\/2019\/01\/logo_cgt-ul-MONTREUIL-4-199x300.jpg\" alt=\"\" width=\"130\" height=\"196\" srcset=\"https:\/\/www.lacgtmontreuil.fr\/wp-content\/uploads\/2019\/01\/logo_cgt-ul-MONTREUIL-4-199x300.jpg 199w, https:\/\/www.lacgtmontreuil.fr\/wp-content\/uploads\/2019\/01\/logo_cgt-ul-MONTREUIL-4.jpg 476w\" sizes=\"auto, (max-width: 130px) 100vw, 130px\" \/><\/a><strong>\u00a0\u00a0\u00a0\u00a0\u00a0\u00a0\u00a0\u00a0\u00a0\u00a0\u00a0\u00a0\u00a0\u00a0\u00a0\u00a0\u00a0\u00a0\u00a0\u00a0\u00a0\u00a0\u00a0\u00a0\u00a0\u00a0\u00a0\u00a0\u00a0\u00a0\u00a0\u00a0\u00a0\u00a0\u00a0\u00a0\u00a0\u00a0\u00a0\u00a0\u00a0 \u00a0 \u00a0 \u00a0 \u00a0 Je, Tu, UL\u2026 Fin Janvier 2019\u00a0 N\u00b0322 <\/strong><\/p>\n<p><em>\u00ab\u00a0Abus sociaux\u00a0: #balancetonpr\u00e9sident\u00a0\u00bb<\/em><\/p>\n<p><a href=\"https:\/\/www.lacgtmontreuil.fr\/\"><strong>https:\/\/www.lacgtmontreuil.fr\/<\/strong><\/a><\/p>\n<p style=\"text-align: justify;\"><strong>STAGIAIRES EN COL\u00c8RE\u00a0:<\/strong> 12, rue Rol Tanguy \u2013 C\u2019est \u00e0 l\u2019AGENCE DE SERVICES ET DE PAIEMENT (ASP) que les stagiaires dont les r\u00e9mun\u00e9rations cumulent plusieurs mois de retard, se sont adress\u00e9 le 24 au matin. Partis du centre JEAN-PIERRE TIMBAUD, ils ont \u00e9t\u00e9 rejoints par les stagiaires venus des diff\u00e9rents \u00e9tablissements qui connaissent les m\u00eames dysfonctionnements et par les personnels CGT en charge de leurs formations.<\/p>\n<p style=\"text-align: justify;\"><strong>YELLOW INVEST\u00a0:<\/strong> 14, rue de la Beaune \u2013 Chez VACANCES ET FAMILLES, le 13<sup>\u00e8me<\/sup> mois n\u2019interdit pas un \u00ab\u00a0coup de pouce\u00a0\u00bb suppl\u00e9mentaire en janvier. C\u2019est ce principe, mis en avant par notre camarade R\u00e9gine WATERLOT pour la section CGT, qui permet ce mois-ci l\u2019ajout de 400 euros pour tous\u2026 sous la forme d\u2019une \u00ab\u00a0prime gilet jaune\u00a0\u00bb. Ou Macron, c\u2019est selon\u00a0!<\/p>\n<p style=\"text-align: justify;\"><strong>ENTRAIDE SYNDICALE : <\/strong>72 bis, avenue Pasteur \u2013 L\u2019ASSOCIATION D\u2019ENTRAIDE FEMININE (AEF) est de plus en plus confront\u00e9e aux pressions financi\u00e8res pesant sur l\u2019action sociale. Un constat qui conduit cette semaine au red\u00e9marrage d\u2019une section syndicale CGT, avec 7 nouvelles adh\u00e9sions pour lui donner vie et \u00e9lan.<\/p>\n<p style=\"text-align: justify;\"><strong>HARC\u00c8LEMENT EN PROMO\u00a0? :<\/strong> 235, rue Etienne Marcel \u2013 Devant CARREFOUR, ce sont 200 militants du groupe qui ont manifest\u00e9 le 24 janvier contre les proc\u00e9d\u00e9s de la direction ciblant les militants de la CGT\u00a0: pressions pour le retrait des candidatures, discriminations, implantations de \u00ab\u00a0syndicats-maison\u00a0\u00bb. Tout est bon pour contrer la CGT dans le magasin. La F\u00e9d\u00e9ration CGT du Commerce s\u2019engage \u00e0 ne pas laisser faire\u00a0!<\/p>\n<p style=\"text-align: justify;\"><strong>POUR LE D\u00c9GEL\u00a0:<\/strong> rue Dombasle \u2013 L\u2019EDUCATION NATIONALE \u00e9tait en gr\u00e8ve le 24, rejointe par les organisations de jeunesse, contre la r\u00e9forme des lyc\u00e9es et du baccalaur\u00e9at, dont Parcoursup aura constitu\u00e9 la premi\u00e8re \u00e9tape. Pour les enseignants, la m\u00e9t\u00e9o se pr\u00eatait aux revendications\u00a0: \u00ab\u00a0on a froid, on se caille les miches, d\u00e9gelez le point d\u2019indice\u00a0!\u00a0\u00bb. Un slogan de circonstance.<\/p>\n<p style=\"text-align: justify;\"><strong>GREFFE R\u00c9USSIE \u00c1 L\u2019AGRAF\u00a0:<\/strong> 5-11, rue des Deux Communes et 10, rue Auguste Blanqui \u2013 L\u2019AGRAF, qui g\u00e8re la restauration du personnel du Minist\u00e8re des Finances, dont les 2 restaurants du Bas-Montreuil, mettait en place son CSE. Avec un r\u00e9sultat pour les 2 coll\u00e8ges qui conforte la CGT comme premi\u00e8re organisation syndicale de l\u2019entreprise.<\/p>\n","protected":false},"excerpt":{"rendered":"<p>\u00a0\u00a0\u00a0\u00a0\u00a0\u00a0\u00a0\u00a0\u00a0\u00a0\u00a0\u00a0\u00a0\u00a0\u00a0\u00a0\u00a0\u00a0\u00a0\u00a0\u00a0\u00a0\u00a0\u00a0\u00a0\u00a0\u00a0\u00a0\u00a0\u00a0\u00a0\u00a0\u00a0\u00a0\u00a0\u00a0\u00a0\u00a0\u00a0\u00a0\u00a0 \u00a0 \u00a0 \u00a0 \u00a0 Je, Tu, UL\u2026 Fin Janvier 2019\u00a0 N\u00b0322 \u00ab\u00a0Abus sociaux\u00a0: #balancetonpr\u00e9sident\u00a0\u00bb https:\/\/www.lacgtmontreuil.fr\/ STAGIAIRES EN COL\u00c8RE\u00a0: 12, rue Rol Tanguy \u2013 C\u2019est \u00e0 l\u2019AGENCE DE SERVICES ET DE PAIEMENT (ASP) que les stagiaires dont les r\u00e9mun\u00e9rations cumulent plusieurs mois de retard, se sont adress\u00e9 le 24 au matin. Partis du centre JEAN-PIERRE &hellip; <\/p>\n","protected":false},"author":1,"featured_media":0,"comment_status":"closed","ping_status":"open","sticky":false,"template":"","format":"standard","meta":{"footnotes":""},"categories":[2],"tags":[],"class_list":{"0":"entry","1":"post","2":"publish","3":"author-ulmontreuil","4":"post-2954","6":"format-standard","7":"category-je-tu-ul"},"_links":{"self":[{"href":"https:\/\/www.lacgtmontreuil.fr\/index.php?rest_route=\/wp\/v2\/posts\/2954","targetHints":{"allow":["GET"]}}],"collection":[{"href":"https:\/\/www.lacgtmontreuil.fr\/index.php?rest_route=\/wp\/v2\/posts"}],"about":[{"href":"https:\/\/www.lacgtmontreuil.fr\/index.php?rest_route=\/wp\/v2\/types\/post"}],"author":[{"embeddable":true,"href":"https:\/\/www.lacgtmontreuil.fr\/index.php?rest_route=\/wp\/v2\/users\/1"}],"replies":[{"embeddable":true,"href":"https:\/\/www.lacgtmontreuil.fr\/index.php?rest_route=%2Fwp%2Fv2%2Fcomments&post=2954"}],"version-history":[{"count":3,"href":"https:\/\/www.lacgtmontreuil.fr\/index.php?rest_route=\/wp\/v2\/posts\/2954\/revisions"}],"predecessor-version":[{"id":2966,"href":"https:\/\/www.lacgtmontreuil.fr\/index.php?rest_route=\/wp\/v2\/posts\/2954\/revisions\/2966"}],"wp:attachment":[{"href":"https:\/\/www.lacgtmontreuil.fr\/index.php?rest_route=%2Fwp%2Fv2%2Fmedia&parent=2954"}],"wp:term":[{"taxonomy":"category","embeddable":true,"href":"https:\/\/www.lacgtmontreuil.fr\/index.php?rest_route=%2Fwp%2Fv2%2Fcategories&post=2954"},{"taxonomy":"post_tag","embeddable":true,"href":"https:\/\/www.lacgtmontreuil.fr\/index.php?rest_route=%2Fwp%2Fv2%2Ftags&post=2954"}],"curies":[{"name":"wp","href":"https:\/\/api.w.org\/{rel}","templated":true}]}}