{"id":2834,"date":"2019-01-17T22:20:00","date_gmt":"2019-01-17T21:20:00","guid":{"rendered":"http:\/\/www.lacgtmontreuil.fr\/?p=2834"},"modified":"2019-01-17T22:20:00","modified_gmt":"2019-01-17T21:20:00","slug":"document-preparatoire-du-22eme-congres","status":"publish","type":"post","link":"https:\/\/www.lacgtmontreuil.fr\/?p=2834","title":{"rendered":"Document pr\u00e9paratoire du 22\u00e8me congr\u00e8s"},"content":{"rendered":"<p><a href=\"https:\/\/www.lacgtmontreuil.fr\/wp-content\/uploads\/2018\/04\/1er-mai-2018-COMMUNIQUE-UNITAIRE-IDF.pdf\">&#8211; <\/a><a href=\"https:\/\/www.lacgtmontreuil.fr\/wp-content\/uploads\/2018\/04\/Document-pr\u00e9paratoire-22\u00e8me-congr\u00e8s-UL.pdf\">Document pr\u00e9paratoire du 22\u00e8me congr\u00e8s de l&rsquo;UL CGT de Montreuil<\/a><\/p>\n","protected":false},"excerpt":{"rendered":"<p>&#8211; Document pr\u00e9paratoire du 22\u00e8me congr\u00e8s de l&rsquo;UL CGT de Montreuil<\/p>\n","protected":false},"author":1,"featured_media":0,"comment_status":"closed","ping_status":"open","sticky":false,"template":"","format":"standard","meta":{"footnotes":""},"categories":[19],"tags":[],"class_list":{"0":"entry","1":"post","2":"publish","3":"author-ulmontreuil","4":"post-2834","6":"format-standard","7":"category-documents"},"_links":{"self":[{"href":"https:\/\/www.lacgtmontreuil.fr\/index.php?rest_route=\/wp\/v2\/posts\/2834","targetHints":{"allow":["GET"]}}],"collection":[{"href":"https:\/\/www.lacgtmontreuil.fr\/index.php?rest_route=\/wp\/v2\/posts"}],"about":[{"href":"https:\/\/www.lacgtmontreuil.fr\/index.php?rest_route=\/wp\/v2\/types\/post"}],"author":[{"embeddable":true,"href":"https:\/\/www.lacgtmontreuil.fr\/index.php?rest_route=\/wp\/v2\/users\/1"}],"replies":[{"embeddable":true,"href":"https:\/\/www.lacgtmontreuil.fr\/index.php?rest_route=%2Fwp%2Fv2%2Fcomments&post=2834"}],"version-history":[{"count":1,"href":"https:\/\/www.lacgtmontreuil.fr\/index.php?rest_route=\/wp\/v2\/posts\/2834\/revisions"}],"predecessor-version":[{"id":2837,"href":"https:\/\/www.lacgtmontreuil.fr\/index.php?rest_route=\/wp\/v2\/posts\/2834\/revisions\/2837"}],"wp:attachment":[{"href":"https:\/\/www.lacgtmontreuil.fr\/index.php?rest_route=%2Fwp%2Fv2%2Fmedia&parent=2834"}],"wp:term":[{"taxonomy":"category","embeddable":true,"href":"https:\/\/www.lacgtmontreuil.fr\/index.php?rest_route=%2Fwp%2Fv2%2Fcategories&post=2834"},{"taxonomy":"post_tag","embeddable":true,"href":"https:\/\/www.lacgtmontreuil.fr\/index.php?rest_route=%2Fwp%2Fv2%2Ftags&post=2834"}],"curies":[{"name":"wp","href":"https:\/\/api.w.org\/{rel}","templated":true}]}}