{"id":2735,"date":"2019-01-06T17:59:11","date_gmt":"2019-01-06T16:59:11","guid":{"rendered":"http:\/\/www.lacgtmontreuil.fr\/?p=2735"},"modified":"2019-01-14T20:07:03","modified_gmt":"2019-01-14T19:07:03","slug":"je-tu-ul-debut-janvier-201-n320","status":"publish","type":"post","link":"https:\/\/www.lacgtmontreuil.fr\/?p=2735","title":{"rendered":"Je, Tu, UL\u2026  D\u00e9but Janvier 2019  N\u00b0320"},"content":{"rendered":"<p><a href=\"https:\/\/www.lacgtmontreuil.fr\/wp-content\/uploads\/2019\/01\/logo_cgt-ul-MONTREUIL-4.jpg\"><img loading=\"lazy\" decoding=\"async\" class=\"wp-image-2768 alignleft\" src=\"https:\/\/www.lacgtmontreuil.fr\/wp-content\/uploads\/2019\/01\/logo_cgt-ul-MONTREUIL-4.jpg\" alt=\"\" width=\"111\" height=\"168\" srcset=\"https:\/\/www.lacgtmontreuil.fr\/wp-content\/uploads\/2019\/01\/logo_cgt-ul-MONTREUIL-4.jpg 476w, https:\/\/www.lacgtmontreuil.fr\/wp-content\/uploads\/2019\/01\/logo_cgt-ul-MONTREUIL-4-199x300.jpg 199w\" sizes=\"auto, (max-width: 111px) 100vw, 111px\" \/><\/a><\/p>\n<p>&nbsp;<\/p>\n<p>&nbsp;<\/p>\n<p><strong>Je, Tu, UL\u2026\u00a0 D\u00e9but Janvier 201\u00a0 N\u00b0320 <\/strong><\/p>\n<p><em>\u00ab\u00a0V\u0153ux 2019\u00a0: c\u2019est quand que \u00e7a ruisselle\u00a0?\u00a0\u00bb<\/em><\/p>\n<p><a href=\"https:\/\/www.lacgtmontreuil.fr\/\"><strong>https:\/\/www.lacgtmontreuil.fr\/<\/strong><\/a><\/p>\n<p style=\"text-align: justify;\"><strong>D\u00c9NONCIATION D\u00c9NONC\u00c9E\u00a0:<\/strong> 240, rue de Rosny \u2013 Chez ICSB (groupe TESSI), la direction aura attendu les f\u00eates de fin d\u2019ann\u00e9e pour d\u00e9noncer un accord collectif sign\u00e9 en 2007 par la CGT, fixant le r\u00e9gime des primes, dont le 13<sup>\u00e8me<\/sup> mois. Dans sa pr\u00e9cipitation, ICSB aura m\u00eame oubli\u00e9 de consulter le Comit\u00e9 d\u2019Entreprise au pr\u00e9alable, se contentant d\u2019une simple \u2018information\u00a0\u00bb. La r\u00e9plique de la CGT ne s\u2019est pas faite attendre qui a rappel\u00e9 que dans ces conditions, la d\u00e9nonciation \u00e9tait nulle et de nul effet. En 2019, le 13<sup>\u00e8me<\/sup> mois restera du \u00e0 tous les salari\u00e9s\u00a0!<\/p>\n<p style=\"text-align: justify;\"><strong>PR\u00c9AVIS \u00c1 L\u2019AFPA\u00a0:<\/strong> 3, rue Franklin \u2013 A l\u2019AFPA, c\u2019est un pr\u00e9avis de gr\u00e8ve couvrant tout le mois de janvier que le syndicat CGT a d\u00e9pos\u00e9. En cause, une nouvelle fois, l\u2019abandon des formations longues et qualifiantes, la fermeture de plusieurs sites et services associ\u00e9s\u2026 et la revendication de l\u2019embauche de formateurs en nombre suffisant pour r\u00e9pondre aux besoins de formation des citoyens. Une interpellation des d\u00e9cideurs qui pourra prendre des formes d\u00e9centralis\u00e9es tout au long du mois.<\/p>\n<p style=\"text-align: justify;\"><strong>MERCURO-CHROME : <\/strong>87, rue de Paris \u2013 L\u2019association CHROME \u2013 pour Conseil Ressources Humaines Organisation Management Entreprenariat \u2013 fait profession de \u00ab\u00a0cabinet de recrutement\u00a0\u00bb\u2026 en oubliant de payer ceux qu\u2019elle a recrut\u00e9s. C\u2019est la m\u00e9saventure qui est arriv\u00e9 \u00e0 C\u00e9lia, embauch\u00e9e en contrat d\u2019avenir et mise \u00e0 disposition d\u2019un client de CHROME, et qui r\u00e9clame son salaire depuis novembre dernier, en vain. Un mutisme qui la conduit \u00e0 saisir le Conseil de Prud\u2019hommes avec la CGT\u00a0: une proc\u00e9dure qui a plus d\u2019avenir que son contrat.<\/p>\n<p style=\"text-align: justify;\"><strong>SUR LA CORDE :<\/strong> 6, rue Racine \u2013 ABSIDE et EPICURE r\u00e9unissaient ensemble les nouveaux \u00e9lus des 2 CSE quand la direction s\u2019est aper\u00e7u qu\u2019avec les nouveaux textes issus des ordonnances Macron, les \u00e9lus suppl\u00e9ants \u00e9taient mis hors jeu au profit des seuls titulaires. Or, les titulaires CGT \u00e9tant sur des chantiers dispers\u00e9s, la direction voudrait que ce soit la camarade suppl\u00e9ante, affect\u00e9e au si\u00e8ge, qui signe les documents administratifs amiante. Apr\u00e8s d\u00e9bat et v\u00e9rification du Code du Travail, la CGT a donc refus\u00e9 cette mise \u00e0 l\u2019\u00e9cart des titulaires, peu important l\u2019argument des effectifs \u00ab\u00a0tendus\u00a0\u00bb invoqu\u00e9 par l\u2019employeur.<\/p>\n","protected":false},"excerpt":{"rendered":"<p>&nbsp; &nbsp; Je, Tu, UL\u2026\u00a0 D\u00e9but Janvier 201\u00a0 N\u00b0320 \u00ab\u00a0V\u0153ux 2019\u00a0: c\u2019est quand que \u00e7a ruisselle\u00a0?\u00a0\u00bb https:\/\/www.lacgtmontreuil.fr\/ D\u00c9NONCIATION D\u00c9NONC\u00c9E\u00a0: 240, rue de Rosny \u2013 Chez ICSB (groupe TESSI), la direction aura attendu les f\u00eates de fin d\u2019ann\u00e9e pour d\u00e9noncer un accord collectif sign\u00e9 en 2007 par la CGT, fixant le r\u00e9gime des primes, dont le &hellip; <\/p>\n","protected":false},"author":1,"featured_media":0,"comment_status":"closed","ping_status":"open","sticky":false,"template":"","format":"standard","meta":{"footnotes":""},"categories":[2],"tags":[],"class_list":{"0":"entry","1":"post","2":"publish","3":"author-ulmontreuil","4":"post-2735","6":"format-standard","7":"category-je-tu-ul"},"_links":{"self":[{"href":"https:\/\/www.lacgtmontreuil.fr\/index.php?rest_route=\/wp\/v2\/posts\/2735","targetHints":{"allow":["GET"]}}],"collection":[{"href":"https:\/\/www.lacgtmontreuil.fr\/index.php?rest_route=\/wp\/v2\/posts"}],"about":[{"href":"https:\/\/www.lacgtmontreuil.fr\/index.php?rest_route=\/wp\/v2\/types\/post"}],"author":[{"embeddable":true,"href":"https:\/\/www.lacgtmontreuil.fr\/index.php?rest_route=\/wp\/v2\/users\/1"}],"replies":[{"embeddable":true,"href":"https:\/\/www.lacgtmontreuil.fr\/index.php?rest_route=%2Fwp%2Fv2%2Fcomments&post=2735"}],"version-history":[{"count":4,"href":"https:\/\/www.lacgtmontreuil.fr\/index.php?rest_route=\/wp\/v2\/posts\/2735\/revisions"}],"predecessor-version":[{"id":2771,"href":"https:\/\/www.lacgtmontreuil.fr\/index.php?rest_route=\/wp\/v2\/posts\/2735\/revisions\/2771"}],"wp:attachment":[{"href":"https:\/\/www.lacgtmontreuil.fr\/index.php?rest_route=%2Fwp%2Fv2%2Fmedia&parent=2735"}],"wp:term":[{"taxonomy":"category","embeddable":true,"href":"https:\/\/www.lacgtmontreuil.fr\/index.php?rest_route=%2Fwp%2Fv2%2Fcategories&post=2735"},{"taxonomy":"post_tag","embeddable":true,"href":"https:\/\/www.lacgtmontreuil.fr\/index.php?rest_route=%2Fwp%2Fv2%2Ftags&post=2735"}],"curies":[{"name":"wp","href":"https:\/\/api.w.org\/{rel}","templated":true}]}}