{"id":2720,"date":"2019-01-06T17:08:55","date_gmt":"2019-01-06T16:08:55","guid":{"rendered":"http:\/\/www.lacgtmontreuil.fr\/?p=2720"},"modified":"2019-01-06T17:08:55","modified_gmt":"2019-01-06T16:08:55","slug":"je-tu-ul-fin-decembre-2018-n319","status":"publish","type":"post","link":"https:\/\/www.lacgtmontreuil.fr\/?p=2720","title":{"rendered":"Je, Tu, UL\u2026  Fin D\u00e9cembre 2018  N\u00b0319"},"content":{"rendered":"<p><img loading=\"lazy\" decoding=\"async\" width=\"109\" height=\"155\" class=\"wp-image-2723\" src=\"https:\/\/www.lacgtmontreuil.fr\/wp-content\/uploads\/2019\/01\/logo_cgt.jpeg\" alt=\"logo_cgt\" \/>\u00a0\u00a0 <strong>Je, Tu, UL\u2026\u00a0 Fin D\u00e9cembre 2018\u00a0 N\u00b0319 <\/strong><\/p>\n<p><em>\u00ab\u00a0Savoir-faire partout, reconnaissance nulle part\u00a0!\u00a0\u00bb<\/em><\/p>\n<p><a href=\"https:\/\/www.lacgtmontreuil.fr\/\"><strong>https:\/\/www.lacgtmontreuil.fr\/<\/strong><\/a><\/p>\n<p><strong>CARREFOUR N\u2019EST PAS ROND-POINT\u00a0:<\/strong> 235, rue \u00c9tienne Marcel \u2013 CARREFOUR joue la montre par crainte des gr\u00e8ves pendant la p\u00e9riode des f\u00eates, analyse la CGT apr\u00e8s la r\u00e9union du 19 d\u00e9cembre, convoqu\u00e9e sur la \u00ab\u00a0prime Macron\u00a0\u00bb. Pour le PDG Bompard, l\u2019urgence sociale est d\u2019attendre le 11 janvier pour r\u00e9pondre aux revendications de revaloriser de 300 euros tous les salaires et d\u2019acter une prime annuelle de 1000 euros. Pendant que les tiroirs-caisses se remplissent, la CGT pr\u00e9vient qu\u2019une \u00ab\u00a0primette\u00a0\u00bb ou \u00ab\u00a0un petit bon d\u2019achat\u00a0\u00bb ne suffiront pas \u00e0 calmer la col\u00e8re des Carrefour.<\/p>\n<p><strong>LA POSTE DANS L\u2019IMPOSTURE :<\/strong> 44, boulevard Rouget de Lisle \u2013 Le groupe LA POSTE, deuxi\u00e8me employeur apr\u00e8s l\u2019Etat, annonce une prime d\u00e9fiscalis\u00e9e et d\u00e9socialis\u00e9e de 300 euros pour les postiers pay\u00e9s moins d\u2019une fois et demi le SMIC et de 200 euros pour les autres. Une mesquinerie qui tranche avec les 171 millions d\u2019euros de dividendes vers\u00e9s aux actionnaires\u2026 au premier rang desquels, l\u2019Etat. La CGT qui livre ces chiffres rappelle \u00e0 la direction que les NAO se d\u00e9roulent actuellement et qu\u2019elles font ressortir des aspirations salariales d\u2019un autre niveau.<\/p>\n<p><strong>SALAIRES \u00c1 SOIGNER : <\/strong>66-72, rue Marceau \u2013 Chez SANTE SERVICES, la CGT interpelle sur le r\u00e9tablissement du 13<sup>\u00e8me<\/sup> mois, supprim\u00e9 il y a quelques ann\u00e9es, en proposant que la \u00ab\u00a0prime Macron\u00a0\u00bb serve d\u2019acompte en f\u00e9vrier 2019 d\u2019un 13<sup>\u00e8me<\/sup> mois pour tous. Anticipant sur une r\u00e9ponse dilatoire, le syndicat pr\u00e9cise que la prime \u00ab\u00a0sera mieux dans nos poches que sur l\u2019\u00e9pargne de la Fondation\u00a0\u00bb\u00a0: l\u2019ESS n\u2019est jamais spontan\u00e9ment sociale avec ses salari\u00e9s.<\/p>\n<p><strong>COMIT\u00c9 PATRONAL :<\/strong> 12, rue Emile Beaufils \u2013 Au CENTRE JEAN MAC\u00c9, la direction se remet mal du carton plein de la CGT aux derni\u00e8res \u00e9lections du Comit\u00e9 Social et Economique et de la d\u00e9signation de notre camarade Fran\u00e7ois BRETON, en qualit\u00e9 de d\u00e9l\u00e9gu\u00e9 syndical. Par courrier, la direction pr\u00e9tend bloquer la participation de ce dernier au CSE en invoquant une jurisprudence vieille de 38 ans\u2026 et renvoyer ainsi tout autre point de l\u2019ordre du jour. S\u2019il s\u2019agissait d\u2019un jeu, on dirait que la direction est mauvaise perdante\u00a0: m\u00eame les Ordonnances sc\u00e9l\u00e9rates n\u2019avaient pas os\u00e9 aller aussi loin\u00a0!<\/p>\n","protected":false},"excerpt":{"rendered":"<p>\u00a0\u00a0 Je, Tu, UL\u2026\u00a0 Fin D\u00e9cembre 2018\u00a0 N\u00b0319 \u00ab\u00a0Savoir-faire partout, reconnaissance nulle part\u00a0!\u00a0\u00bb https:\/\/www.lacgtmontreuil.fr\/ CARREFOUR N\u2019EST PAS ROND-POINT\u00a0: 235, rue \u00c9tienne Marcel \u2013 CARREFOUR joue la montre par crainte des gr\u00e8ves pendant la p\u00e9riode des f\u00eates, analyse la CGT apr\u00e8s la r\u00e9union du 19 d\u00e9cembre, convoqu\u00e9e sur la \u00ab\u00a0prime Macron\u00a0\u00bb. Pour le PDG Bompard, l\u2019urgence &hellip; <\/p>\n","protected":false},"author":1,"featured_media":0,"comment_status":"closed","ping_status":"open","sticky":false,"template":"","format":"standard","meta":{"footnotes":""},"categories":[2],"tags":[],"class_list":{"0":"entry","1":"post","2":"publish","3":"author-ulmontreuil","4":"post-2720","6":"format-standard","7":"category-je-tu-ul"},"_links":{"self":[{"href":"https:\/\/www.lacgtmontreuil.fr\/index.php?rest_route=\/wp\/v2\/posts\/2720","targetHints":{"allow":["GET"]}}],"collection":[{"href":"https:\/\/www.lacgtmontreuil.fr\/index.php?rest_route=\/wp\/v2\/posts"}],"about":[{"href":"https:\/\/www.lacgtmontreuil.fr\/index.php?rest_route=\/wp\/v2\/types\/post"}],"author":[{"embeddable":true,"href":"https:\/\/www.lacgtmontreuil.fr\/index.php?rest_route=\/wp\/v2\/users\/1"}],"replies":[{"embeddable":true,"href":"https:\/\/www.lacgtmontreuil.fr\/index.php?rest_route=%2Fwp%2Fv2%2Fcomments&post=2720"}],"version-history":[{"count":1,"href":"https:\/\/www.lacgtmontreuil.fr\/index.php?rest_route=\/wp\/v2\/posts\/2720\/revisions"}],"predecessor-version":[{"id":2732,"href":"https:\/\/www.lacgtmontreuil.fr\/index.php?rest_route=\/wp\/v2\/posts\/2720\/revisions\/2732"}],"wp:attachment":[{"href":"https:\/\/www.lacgtmontreuil.fr\/index.php?rest_route=%2Fwp%2Fv2%2Fmedia&parent=2720"}],"wp:term":[{"taxonomy":"category","embeddable":true,"href":"https:\/\/www.lacgtmontreuil.fr\/index.php?rest_route=%2Fwp%2Fv2%2Fcategories&post=2720"},{"taxonomy":"post_tag","embeddable":true,"href":"https:\/\/www.lacgtmontreuil.fr\/index.php?rest_route=%2Fwp%2Fv2%2Ftags&post=2720"}],"curies":[{"name":"wp","href":"https:\/\/api.w.org\/{rel}","templated":true}]}}