{"id":2693,"date":"2018-12-17T18:24:50","date_gmt":"2018-12-17T17:24:50","guid":{"rendered":"http:\/\/www.lacgtmontreuil.fr\/?p=2693"},"modified":"2018-12-17T18:24:50","modified_gmt":"2018-12-17T17:24:50","slug":"je-tu-ul-mi-decembre-2018-n318","status":"publish","type":"post","link":"https:\/\/www.lacgtmontreuil.fr\/?p=2693","title":{"rendered":"Je, Tu, UL\u2026  Mi-D\u00e9cembre 2018  N\u00b0318"},"content":{"rendered":"<p><img loading=\"lazy\" decoding=\"async\" width=\"109\" height=\"155\" class=\"wp-image-2696\" src=\"https:\/\/www.lacgtmontreuil.fr\/wp-content\/uploads\/2018\/12\/logo_cgt-4.jpeg\" alt=\"logo_cgt\" \/>\u00a0 <strong>Je, Tu, UL\u2026\u00a0 Mi-D\u00e9cembre 2018\u00a0 N\u00b0318 <\/strong><\/p>\n<p><em>\u00ab\u00a0Le salaire net, c\u2019est pour le mois\u00a0; le brut, c\u2019est pour la vie\u00a0\u00bb<\/em><\/p>\n<p><strong>DISTRIBUTION DES PRIMES MACRON :<\/strong> 59, rue de la R\u00e9publique \u2013 BNP PARIBAS avait \u00e9t\u00e9 secou\u00e9e par la gr\u00e8ve du 4 d\u00e9cembre et avait promis de r\u00e9pondre aux syndicats le 12 du mois. A d\u00e9faut d\u2019avanc\u00e9e dans les NAO, la gr\u00e8ve aura fait son effet\u2026 BNP PARIBAS se portant volontaire pour la prime d\u00e9fiscalis\u00e9e de 1000 euros en janvier, comme propos\u00e9 par le Pr\u00e9sident de la R\u00e9publique. Une prime cependant d\u00e9fiscalis\u00e9e, qui ne comptera donc ni pour la retraite, ni pour aucun salaire diff\u00e9r\u00e9, faute de cotisation autre que la CSG et le pr\u00e9l\u00e8vement fiscal \u00e0 la source.<\/p>\n<p><strong>DU NOUVEAU AUX ROBINSONS\u00a0:<\/strong> 49, rue Raspail \u2013 Aux NOUVEAUX ROBINSONS, m\u00eames causes, m\u00eames effets qu\u2019\u00e0 la BNP voisine, avec un soudain d\u00e9blocage des NAO face au m\u00e9contentement des salari\u00e9s menac\u00e9s de voir leur acquis remis en cause. La direction change enfin de ton face \u00e0 la d\u00e9l\u00e9gation CGT et envisage de r\u00e9pondre aux revendications\u2026 remisant son discours sur les d\u00e9ficits et la comp\u00e9titivit\u00e9. A suivre\u00a0!<\/p>\n<p><strong>FIRST PRICE : <\/strong>15, place du G\u00e9n\u00e9ral de Gaulle \u2013 Le LEADER PRICE (SA VILLETTE DISCOUNT) rempla\u00e7ait ses d\u00e9l\u00e9gu\u00e9s du personnel par un Comit\u00e9 Social et Economique (CSE), avec une nouvelle \u00e9lection. Sur 12 inscrits, la CGT obtient 9 voix et c\u2019est notre camarade Hassan JALLOH, ainsi r\u00e9\u00e9lu, qui se voit confirm\u00e9 comme d\u00e9l\u00e9gu\u00e9 syndical CGT du magasin.<\/p>\n<p><strong>EN T\u00caTE DE L\u2019ART :<\/strong> 274, rue de Rosny \u2013 Chez LP ART, les \u00e9lections pour le CSE se d\u00e9roulaient aussi en d\u00e9cembre avec 10 si\u00e8ges de titulaires et 10 de suppl\u00e9ants \u00e0 pourvoir. Avec 75 voix et 58,6% des exprim\u00e9s, la CGT obtient 6 si\u00e8ges sur 10\u00a0; 3 pour FO avec 30,5% et 10,9% pour la CFE-CGC (1 si\u00e8ge). En termes de repr\u00e9sentativit\u00e9, seule la CGT pourra valider ou invalider un accord d\u2019entreprise gr\u00e2ce \u00e0 sa majorit\u00e9 absolue\u2026 et gardera la direction du CSE. A noter\u00a0: la CFDT a disparu de l\u2019entreprise et notre camarade NGO Chen Ye redevient d\u00e9l\u00e9gu\u00e9 syndical CGT.<\/p>\n<p><strong>TESSI BY NIGHT\u00a0:<\/strong> 240, rue de Rosny \u2013 Chez TESSI CHEQUES ILE DE France, la CGT, \u00e0 peine pl\u00e9biscit\u00e9e par les r\u00e9centes \u00e9lections, vient de signer un accord d\u2019entreprise pour encadrer le travail de nuit, tant pour les CDI que pour les nombreux CDD. Outre les limites apport\u00e9es \u00e0 ces horaires atypiques, majorations et repos compensateurs ont ainsi \u00e9t\u00e9 contractualis\u00e9s. De m\u00eame, les questions de transport et de contraintes familiales sont reconnues comme des motifs permettant de s\u2019opposer au travail de nuit<\/p>\n","protected":false},"excerpt":{"rendered":"<p>\u00a0 Je, Tu, UL\u2026\u00a0 Mi-D\u00e9cembre 2018\u00a0 N\u00b0318 \u00ab\u00a0Le salaire net, c\u2019est pour le mois\u00a0; le brut, c\u2019est pour la vie\u00a0\u00bb DISTRIBUTION DES PRIMES MACRON : 59, rue de la R\u00e9publique \u2013 BNP PARIBAS avait \u00e9t\u00e9 secou\u00e9e par la gr\u00e8ve du 4 d\u00e9cembre et avait promis de r\u00e9pondre aux syndicats le 12 du mois. A d\u00e9faut &hellip; <\/p>\n","protected":false},"author":1,"featured_media":0,"comment_status":"closed","ping_status":"open","sticky":false,"template":"","format":"standard","meta":{"footnotes":""},"categories":[2],"tags":[],"class_list":{"0":"entry","1":"post","2":"publish","3":"author-ulmontreuil","4":"post-2693","6":"format-standard","7":"category-je-tu-ul"},"_links":{"self":[{"href":"https:\/\/www.lacgtmontreuil.fr\/index.php?rest_route=\/wp\/v2\/posts\/2693","targetHints":{"allow":["GET"]}}],"collection":[{"href":"https:\/\/www.lacgtmontreuil.fr\/index.php?rest_route=\/wp\/v2\/posts"}],"about":[{"href":"https:\/\/www.lacgtmontreuil.fr\/index.php?rest_route=\/wp\/v2\/types\/post"}],"author":[{"embeddable":true,"href":"https:\/\/www.lacgtmontreuil.fr\/index.php?rest_route=\/wp\/v2\/users\/1"}],"replies":[{"embeddable":true,"href":"https:\/\/www.lacgtmontreuil.fr\/index.php?rest_route=%2Fwp%2Fv2%2Fcomments&post=2693"}],"version-history":[{"count":1,"href":"https:\/\/www.lacgtmontreuil.fr\/index.php?rest_route=\/wp\/v2\/posts\/2693\/revisions"}],"predecessor-version":[{"id":2699,"href":"https:\/\/www.lacgtmontreuil.fr\/index.php?rest_route=\/wp\/v2\/posts\/2693\/revisions\/2699"}],"wp:attachment":[{"href":"https:\/\/www.lacgtmontreuil.fr\/index.php?rest_route=%2Fwp%2Fv2%2Fmedia&parent=2693"}],"wp:term":[{"taxonomy":"category","embeddable":true,"href":"https:\/\/www.lacgtmontreuil.fr\/index.php?rest_route=%2Fwp%2Fv2%2Fcategories&post=2693"},{"taxonomy":"post_tag","embeddable":true,"href":"https:\/\/www.lacgtmontreuil.fr\/index.php?rest_route=%2Fwp%2Fv2%2Ftags&post=2693"}],"curies":[{"name":"wp","href":"https:\/\/api.w.org\/{rel}","templated":true}]}}