{"id":2684,"date":"2018-12-17T18:22:57","date_gmt":"2018-12-17T17:22:57","guid":{"rendered":"http:\/\/www.lacgtmontreuil.fr\/?p=2684"},"modified":"2018-12-17T18:22:57","modified_gmt":"2018-12-17T17:22:57","slug":"je-tu-ul-debut-decembre-2018-n317","status":"publish","type":"post","link":"https:\/\/www.lacgtmontreuil.fr\/?p=2684","title":{"rendered":"Je, Tu, UL\u2026  D\u00e9but D\u00e9cembre 2018  N\u00b0317"},"content":{"rendered":"<p><img loading=\"lazy\" decoding=\"async\" width=\"109\" height=\"155\" class=\"wp-image-2687\" src=\"https:\/\/www.lacgtmontreuil.fr\/wp-content\/uploads\/2018\/12\/logo_cgt-3.jpeg\" alt=\"logo_cgt\" \/>\u00a0\u00a0 <strong>Je, Tu, UL\u2026\u00a0 D\u00e9but D\u00e9cembre 2018\u00a0 N\u00b0317 <\/strong><\/p>\n<p><em>\u00ab\u00a0Indexation des salaires sur le prix du gasoil\u00a0\u00bb<\/em><\/p>\n<p><strong>COMPTES BLOQU\u00c9S :<\/strong> 59, rue de la R\u00e9publique \u2013 BNP PARIBAS, avec plus de 40% de gr\u00e9vistes le 4 d\u00e9cembre, aura connu un mouvement social sans pr\u00e9c\u00e9dent. A l\u2019appel des syndicats CGT, SNB, FO et FCTC, un ultimatum a \u00e9t\u00e9 adress\u00e9 \u00e0 la direction de la banque pour des r\u00e9ponses rapides aux principales revendications formul\u00e9es\u00a0: augmentation des salaires, plut\u00f4t que de l\u2019\u00e9vasion fiscale, adaptation de l\u2019effectif \u00e0 la charge de travail et interdiction des objectifs irr\u00e9alisables. A suivre donc\u2026<\/p>\n<p><strong>QUAND REPR\u00c9SENTATIVIT\u00c9 RIME AVEC CGT\u00a0:<\/strong> 1, place Jean Jaur\u00e8s \u2013 En MAIRIE comme dans les 3 fonctions publiques, le 6 d\u00e9cembre \u00e9tait jour de vote pour les \u00e9lections professionnelles. Avec 33,42% des suffrages, la CGT est renforc\u00e9e comme premi\u00e8re organisation syndicale avec plus de 8 points sur la FSU, arriv\u00e9e seconde, et 15 de plus que FO, troisi\u00e8me. R\u00e9sultats comparables au CHI Andr\u00e9 Gr\u00e9goire o\u00f9 la CGT r\u00e9colte aussi une voix sur trois parmi les hospitaliers.<\/p>\n<p><strong>DANS LE PRIV\u00c9 AUSSI : <\/strong>240, rue de Rosny \u2013 Chez TESSI CHEQUES ILE DE France, les listes CGT obtiennent 44 voix sur 70 inscrits, soit une repr\u00e9sentativit\u00e9 \u00e0 100% dans l\u2019\u00e9tablissement. Un score qui correspond aussi \u00e0 une progression en voix par rapport aux pr\u00e9c\u00e9dentes \u00e9lections et qui permettra enfin la re-d\u00e9signation de notre camarade Rose-Marie CHOUT en qualit\u00e9 de d\u00e9l\u00e9gu\u00e9e syndicale.<\/p>\n<p><strong>L\u2019URSSAF EN ORDRE DE BATAILLE :<\/strong> 263, rue de Paris \u2013 Pour la CGT de l\u2019URSSAF, c\u2019est au si\u00e8ge conf\u00e9d\u00e9ral que se sont r\u00e9uni-e-s les d\u00e9l\u00e9gu\u00e9-e-s du congr\u00e8s du syndicat. Les 29 et 30 novembre dernier, le d\u00e9bat a bien s\u00fbr port\u00e9 sur les perspectives d\u2019action sur les classifications et contre le projet URSSAF 2020. Il s\u2019est conclu par un renouvellement significatif du bureau avec l\u2019\u00e9lection de notre camarade Thierry SELLIER comme nouveau secr\u00e9taire g\u00e9n\u00e9ral.<\/p>\n<p><strong>MONTREUIL SE SAFRANE\u00a0:<\/strong> 7, rue des Longs Quartiers \u2013 ZODIAC AERO ELECTRIC va dispara\u00eetre, aval\u00e9 par son actionnaire SAFRAN. L\u2019AG des actionnaires de ce dernier groupe a vot\u00e9 cette semaine l\u2019int\u00e9gration totale de son sous-traitant montreuillois, laissant planer quelques inqui\u00e9tudes sur le sort du si\u00e8ge social de ZODIAC.<\/p>\n","protected":false},"excerpt":{"rendered":"<p>\u00a0\u00a0 Je, Tu, UL\u2026\u00a0 D\u00e9but D\u00e9cembre 2018\u00a0 N\u00b0317 \u00ab\u00a0Indexation des salaires sur le prix du gasoil\u00a0\u00bb COMPTES BLOQU\u00c9S : 59, rue de la R\u00e9publique \u2013 BNP PARIBAS, avec plus de 40% de gr\u00e9vistes le 4 d\u00e9cembre, aura connu un mouvement social sans pr\u00e9c\u00e9dent. A l\u2019appel des syndicats CGT, SNB, FO et FCTC, un ultimatum a &hellip; <\/p>\n","protected":false},"author":1,"featured_media":0,"comment_status":"closed","ping_status":"open","sticky":false,"template":"","format":"standard","meta":{"footnotes":""},"categories":[2],"tags":[],"class_list":{"0":"entry","1":"post","2":"publish","3":"author-ulmontreuil","4":"post-2684","6":"format-standard","7":"category-je-tu-ul"},"_links":{"self":[{"href":"https:\/\/www.lacgtmontreuil.fr\/index.php?rest_route=\/wp\/v2\/posts\/2684","targetHints":{"allow":["GET"]}}],"collection":[{"href":"https:\/\/www.lacgtmontreuil.fr\/index.php?rest_route=\/wp\/v2\/posts"}],"about":[{"href":"https:\/\/www.lacgtmontreuil.fr\/index.php?rest_route=\/wp\/v2\/types\/post"}],"author":[{"embeddable":true,"href":"https:\/\/www.lacgtmontreuil.fr\/index.php?rest_route=\/wp\/v2\/users\/1"}],"replies":[{"embeddable":true,"href":"https:\/\/www.lacgtmontreuil.fr\/index.php?rest_route=%2Fwp%2Fv2%2Fcomments&post=2684"}],"version-history":[{"count":1,"href":"https:\/\/www.lacgtmontreuil.fr\/index.php?rest_route=\/wp\/v2\/posts\/2684\/revisions"}],"predecessor-version":[{"id":2690,"href":"https:\/\/www.lacgtmontreuil.fr\/index.php?rest_route=\/wp\/v2\/posts\/2684\/revisions\/2690"}],"wp:attachment":[{"href":"https:\/\/www.lacgtmontreuil.fr\/index.php?rest_route=%2Fwp%2Fv2%2Fmedia&parent=2684"}],"wp:term":[{"taxonomy":"category","embeddable":true,"href":"https:\/\/www.lacgtmontreuil.fr\/index.php?rest_route=%2Fwp%2Fv2%2Fcategories&post=2684"},{"taxonomy":"post_tag","embeddable":true,"href":"https:\/\/www.lacgtmontreuil.fr\/index.php?rest_route=%2Fwp%2Fv2%2Ftags&post=2684"}],"curies":[{"name":"wp","href":"https:\/\/api.w.org\/{rel}","templated":true}]}}