{"id":2669,"date":"2018-12-17T18:21:06","date_gmt":"2018-12-17T17:21:06","guid":{"rendered":"http:\/\/www.lacgtmontreuil.fr\/?p=2669"},"modified":"2018-12-17T18:21:06","modified_gmt":"2018-12-17T17:21:06","slug":"je-tu-ul-fin-novembre-2018-n316","status":"publish","type":"post","link":"https:\/\/www.lacgtmontreuil.fr\/?p=2669","title":{"rendered":"Je, Tu, UL\u2026  Fin Novembre 2018  N\u00b0316"},"content":{"rendered":"<p><img loading=\"lazy\" decoding=\"async\" width=\"109\" height=\"155\" class=\"wp-image-2672\" src=\"https:\/\/www.lacgtmontreuil.fr\/wp-content\/uploads\/2018\/12\/logo_cgt.jpeg\" alt=\"logo_cgt\" \/>\u00a0\u00a0 <strong>Je, Tu, UL\u2026\u00a0 Fin Novembre 2018\u00a0 N\u00b0316 <\/strong><\/p>\n<p><em>\u00ab\u00a0Retraite \u00e0 points = la vie au turbin\u00a0\u00bb<\/em><\/p>\n<p><strong>FORMATION SANS INFORMATION :<\/strong> 3, rue Franklin \u2013 A l\u2019AFPA, le Comit\u00e9 d\u2019Entreprise du si\u00e8ge et des itin\u00e9rants n\u2019aura \u00e9t\u00e9 ni inform\u00e9, ni consult\u00e9 sur l\u2019impact des \u00ab\u00a0orientations strat\u00e9giques\u00a0\u00bb qui conduisent \u00e0 1541 suppressions d\u2019emplois et \u00e0 la fermeture de 38 sites. Une violation du Code du Travail que d\u00e9nonce la CGT en m\u00eame temps qu\u2019elle poursuit la mobilisation pour sauver l\u2019AFPA, avec un appel \u00e0 la gr\u00e8ve pour le 6 d\u00e9cembre et \u00e0 une manifestation \u00e0 14h00 de Montparnasse vers le Minist\u00e8re du Travail.<\/p>\n<p><strong>RUE DANS LES BRANCARDS\u00a0:<\/strong> 24, boulevard Paul Vaillant-Couturier \u2013 Chez RUES ET CITES, le passage de l\u2019ancien Conseil d\u2019Etablissement conventionnel en Conseil Social et Economique (CSE) fait craindre \u00e0 la CGT la confiscation du reliquat des \u0153uvres sociales et culturelles. D\u2019ores et d\u00e9j\u00e0, le blocage par la direction d\u2019une subvention \u00e9gale \u00e0 1,25% de la masse salariale sonne la fin des ch\u00e8ques cadeaux, habituellement distribu\u00e9s en novembre par les \u00e9lus du personnel. \u00ab\u00a0O\u00f9 va aller notre argent\u00a0?\u00a0\u00bb interroge la section syndicale.<\/p>\n<p><strong>MAL ACCOMPAGN\u00c9S : <\/strong>22, rue de Lagny \u2013 La direction de l\u2019URSSAF met \u00e0 la signature jusqu\u2019au 28\/11 son \u00ab\u00a0protocole d\u2019accompagnement du projet URSSAF 2020\u00a0\u00bb dont la CGT combat la nocivit\u00e9 pour les agents depuis plusieurs mois. Pour la CGT majoritaire, seule sa signature pourrait valider un protocole dont elle d\u00e9nonce les effets et que la direction menace de retirer pour des choix unilat\u00e9raux et suppos\u00e9s brutaux\u2026 en cas de non-signature. La CGT a donc d\u00e9cid\u00e9 de publier sur son site <a href=\"http:\/\/cgturssafidf.reference-syndicale.fr\/\">http:\/\/cgturssafidf.reference-syndicale.fr\/<\/a> le texte de la direction et sa critique, afin que le personnel puisse se positionner en toute connaissance des causes.<\/p>\n<p><strong>D\u00c9PART GLAC\u00c9\u00a0:<\/strong> 72, rue Condorcet \u2013 A la MIROITERIE CENTRALE, apr\u00e8s 32 ans de bons et loyaux services comme m\u00e9treur, notre camarade Pascal PIEDALLU est parti en retraite avec pour solde de tout compte son salaire du mois et ses tickets restaurant\u2026 sans doute pour le pot de d\u00e9part. Malgr\u00e9 les relances de la CGT, ni cong\u00e9s pay\u00e9s (mais \u00e0 quoi bon quand on est retrait\u00e9\u00a0?), ni l\u2019indemnit\u00e9 conventionnelle de d\u00e9part \u00e0 la retraite de 15650 euros ne lui ont \u00e9t\u00e9 pay\u00e9s. Des sommes qui seront donc r\u00e9clam\u00e9es le 30\/11 devant les r\u00e9f\u00e9r\u00e9s du Conseil de Prud\u2019hommes de Bobigny.<\/p>\n<p><strong>LE SERVICE PUBLIE\u00a0:<\/strong> 1, place Jean Jaur\u00e8s \u2013 En MAIRIE, le syndicat CGT des TERRITORIAUX se d\u00e9ploie en direction de l\u2019ensemble des services avec sa nouvelle publication \u00ab\u00a0Commun Commune\u00a0\u00bb. Au sommaire du num\u00e9ro 2 de ce journal, la critique du nouveau r\u00e8glement int\u00e9rieur, le rappel du travail effectu\u00e9 par les \u00e9lus CGT sortants et un appel \u00e0 voter le 6 d\u00e9cembre aux \u00e9lections professionnelles pour les nouvelles listes CGT conduites par notre camarade Olivier LERAY.<\/p>\n<p><em>\u00a0<\/em><\/p>\n<p><strong>\u00a0<\/strong><\/p>\n<p><strong>\u00a0<\/strong><\/p>\n<p><strong>\u00a0<\/strong><\/p>\n<p><strong>\u00a0<\/strong><\/p>\n<p><strong>\u00a0<\/strong><\/p>\n","protected":false},"excerpt":{"rendered":"<p>\u00a0\u00a0 Je, Tu, UL\u2026\u00a0 Fin Novembre 2018\u00a0 N\u00b0316 \u00ab\u00a0Retraite \u00e0 points = la vie au turbin\u00a0\u00bb FORMATION SANS INFORMATION : 3, rue Franklin \u2013 A l\u2019AFPA, le Comit\u00e9 d\u2019Entreprise du si\u00e8ge et des itin\u00e9rants n\u2019aura \u00e9t\u00e9 ni inform\u00e9, ni consult\u00e9 sur l\u2019impact des \u00ab\u00a0orientations strat\u00e9giques\u00a0\u00bb qui conduisent \u00e0 1541 suppressions d\u2019emplois et \u00e0 la fermeture &hellip; <\/p>\n","protected":false},"author":1,"featured_media":0,"comment_status":"closed","ping_status":"open","sticky":false,"template":"","format":"standard","meta":{"footnotes":""},"categories":[2],"tags":[],"class_list":{"0":"entry","1":"post","2":"publish","3":"author-ulmontreuil","4":"post-2669","6":"format-standard","7":"category-je-tu-ul"},"_links":{"self":[{"href":"https:\/\/www.lacgtmontreuil.fr\/index.php?rest_route=\/wp\/v2\/posts\/2669","targetHints":{"allow":["GET"]}}],"collection":[{"href":"https:\/\/www.lacgtmontreuil.fr\/index.php?rest_route=\/wp\/v2\/posts"}],"about":[{"href":"https:\/\/www.lacgtmontreuil.fr\/index.php?rest_route=\/wp\/v2\/types\/post"}],"author":[{"embeddable":true,"href":"https:\/\/www.lacgtmontreuil.fr\/index.php?rest_route=\/wp\/v2\/users\/1"}],"replies":[{"embeddable":true,"href":"https:\/\/www.lacgtmontreuil.fr\/index.php?rest_route=%2Fwp%2Fv2%2Fcomments&post=2669"}],"version-history":[{"count":1,"href":"https:\/\/www.lacgtmontreuil.fr\/index.php?rest_route=\/wp\/v2\/posts\/2669\/revisions"}],"predecessor-version":[{"id":2681,"href":"https:\/\/www.lacgtmontreuil.fr\/index.php?rest_route=\/wp\/v2\/posts\/2669\/revisions\/2681"}],"wp:attachment":[{"href":"https:\/\/www.lacgtmontreuil.fr\/index.php?rest_route=%2Fwp%2Fv2%2Fmedia&parent=2669"}],"wp:term":[{"taxonomy":"category","embeddable":true,"href":"https:\/\/www.lacgtmontreuil.fr\/index.php?rest_route=%2Fwp%2Fv2%2Fcategories&post=2669"},{"taxonomy":"post_tag","embeddable":true,"href":"https:\/\/www.lacgtmontreuil.fr\/index.php?rest_route=%2Fwp%2Fv2%2Ftags&post=2669"}],"curies":[{"name":"wp","href":"https:\/\/api.w.org\/{rel}","templated":true}]}}