{"id":2575,"date":"2018-12-28T10:16:35","date_gmt":"2018-12-28T09:16:35","guid":{"rendered":"http:\/\/www.lacgtmontreuil.fr\/?p=2575"},"modified":"2019-01-17T22:13:38","modified_gmt":"2019-01-17T21:13:38","slug":"edito-la-hotte-etait-percee","status":"publish","type":"post","link":"https:\/\/www.lacgtmontreuil.fr\/?p=2575","title":{"rendered":"Edito &#8211; La hotte \u00e9tait perc\u00e9e&#8230;"},"content":{"rendered":"<p>Le d\u00e9cret \u00ab\u00a0revalorisant\u00a0\u00bb le SMIC vient d&rsquo;\u00eatre publi\u00e9 : \u00e0 <strong>10,03 euros brut de l&rsquo;heure<\/strong> (+ 15 centimes) ou 1204 euros net par mois, <strong>aucun-e smicard-e ne verra son salaire augmenter de 100 euros<\/strong> au 1er janvier 2019.<br \/>\nLe bidouillage pr\u00e9sidentiel avec la prime d&rsquo;activit\u00e9 \u00ab\u00a0sans qu&rsquo;il en co\u00fbte un euro de plus pour l&#8217;employeur\u00a0\u00bb sera financ\u00e9 par la CSG, c&rsquo;est-\u00e0-dire par nos imp\u00f4ts.<br \/>\n<strong>MENSONGE ET INJUSTICE<\/strong><br \/>\nCar au-del\u00e0 de la tromperie quand Macron parle du \u00ab\u00a0salaire\u00a0\u00bb,<strong> la prime d&rsquo;activit\u00e9 vers\u00e9e (ou pas) par la CAF sous conditions de ressources en tenant compte de l&rsquo;ensemble des revenus du m\u00e9nage, ne b\u00e9n\u00e9ficiera au maximum qu&rsquo;\u00e0 55% des salari\u00e9-e-s au SMIC.<\/strong><br \/>\nPour les smicardes, bien plus nombreuses que les smicards, le salaire de conjoint -statistiquement mieux pay\u00e9- privera quantit\u00e9 de ces travailleuses de leur prime d&rsquo;activit\u00e9.<br \/>\nM\u00eames causes, m\u00eames effets avec le retour \u00e0 6,6% de la CSG pour les petites retraites : les retrait\u00e9es qui constituent la majorit\u00e9 du public vis\u00e9, n&rsquo;en b\u00e9n\u00e9ficieront qu&rsquo;\u00e0 conditions de n&rsquo;avoir, ni un conjoint mieux pay\u00e9, ni de revenus d&rsquo;\u00e9pargne ou fonciers. Encore un choix politique creusant les<strong> in\u00e9galit\u00e9s femmes\/hommes !<\/strong><br \/>\n<strong>\u00a0\u00a0\u00a0\u00a0\u00a0\u00a0\u00a0\u00a0\u00a0\u00a0\u00a0\u00a0\u00a0\u00a0\u00a0\u00a0\u00a0\u00a0\u00a0\u00a0\u00a0\u00a0\u00a0\u00a0\u00a0\u00a0\u00a0\u00a0\u00a0\u00a0\u00a0\u00a0\u00a0\u00a0\u00a0\u00a0\u00a0\u00a0\u00a0\u00a0\u00a0\u00a0\u00a0\u00a0\u00a0\u00a0\u00a0\u00a0\u00a0\u00a0 PRIME MACRON OU 13e MOIS ?<\/strong><br \/>\nIl y a loin de la revendication du 13e mois pour tous \u00e0 l&rsquo;invitation \u00ab\u00a0aux employeurs qui le peuvent de verser une prime de fin d&rsquo;ann\u00e9e\u00a0\u00bb d\u00e9fiscalis\u00e9e et d\u00e9socialis\u00e9e.<strong> Les 1000 euros (souvent bien moins)<\/strong> ne tomberont pas de la hotte du P\u00e8re Macron, mais<strong> du rapport de forces<\/strong> cr\u00e9\u00e9 dans les entreprises et dans le pays. On l&rsquo;a vu \u00e0 Montreuil o\u00f9 la gr\u00e8ve du 4 d\u00e9cembre chez BNPPARIBAS a d\u00e9cid\u00e9 de la prime, aux Nouveaux Robinson ou chez Carrefour quand la pression oblige les directions \u00e0 l\u00e2cher si peu que ce soit.<\/p>\n","protected":false},"excerpt":{"rendered":"<p>Le d\u00e9cret \u00ab\u00a0revalorisant\u00a0\u00bb le SMIC vient d&rsquo;\u00eatre publi\u00e9 : \u00e0 10,03 euros brut de l&rsquo;heure (+ 15 centimes) ou 1204 euros net par mois, aucun-e smicard-e ne verra son salaire augmenter de 100 euros au 1er janvier 2019. Le bidouillage pr\u00e9sidentiel avec la prime d&rsquo;activit\u00e9 \u00ab\u00a0sans qu&rsquo;il en co\u00fbte un euro de plus pour l&#8217;employeur\u00a0\u00bb &hellip; <\/p>\n","protected":false},"author":6,"featured_media":0,"comment_status":"closed","ping_status":"open","sticky":false,"template":"","format":"standard","meta":{"footnotes":""},"categories":[21],"tags":[],"class_list":{"0":"entry","1":"post","2":"publish","3":"author-richard","4":"post-2575","6":"format-standard","7":"category-editos"},"_links":{"self":[{"href":"https:\/\/www.lacgtmontreuil.fr\/index.php?rest_route=\/wp\/v2\/posts\/2575","targetHints":{"allow":["GET"]}}],"collection":[{"href":"https:\/\/www.lacgtmontreuil.fr\/index.php?rest_route=\/wp\/v2\/posts"}],"about":[{"href":"https:\/\/www.lacgtmontreuil.fr\/index.php?rest_route=\/wp\/v2\/types\/post"}],"author":[{"embeddable":true,"href":"https:\/\/www.lacgtmontreuil.fr\/index.php?rest_route=\/wp\/v2\/users\/6"}],"replies":[{"embeddable":true,"href":"https:\/\/www.lacgtmontreuil.fr\/index.php?rest_route=%2Fwp%2Fv2%2Fcomments&post=2575"}],"version-history":[{"count":3,"href":"https:\/\/www.lacgtmontreuil.fr\/index.php?rest_route=\/wp\/v2\/posts\/2575\/revisions"}],"predecessor-version":[{"id":2714,"href":"https:\/\/www.lacgtmontreuil.fr\/index.php?rest_route=\/wp\/v2\/posts\/2575\/revisions\/2714"}],"wp:attachment":[{"href":"https:\/\/www.lacgtmontreuil.fr\/index.php?rest_route=%2Fwp%2Fv2%2Fmedia&parent=2575"}],"wp:term":[{"taxonomy":"category","embeddable":true,"href":"https:\/\/www.lacgtmontreuil.fr\/index.php?rest_route=%2Fwp%2Fv2%2Fcategories&post=2575"},{"taxonomy":"post_tag","embeddable":true,"href":"https:\/\/www.lacgtmontreuil.fr\/index.php?rest_route=%2Fwp%2Fv2%2Ftags&post=2575"}],"curies":[{"name":"wp","href":"https:\/\/api.w.org\/{rel}","templated":true}]}}