{"id":2538,"date":"2018-11-04T14:34:56","date_gmt":"2018-11-04T13:34:56","guid":{"rendered":"http:\/\/www.lacgtmontreuil.fr\/?p=2538"},"modified":"2018-11-04T14:34:56","modified_gmt":"2018-11-04T13:34:56","slug":"je-tu-ul-fin-octobre-2018-n313","status":"publish","type":"post","link":"https:\/\/www.lacgtmontreuil.fr\/?p=2538","title":{"rendered":"Je, Tu, UL\u2026  Fin Octobre 2018  N\u00b0313"},"content":{"rendered":"<p><img loading=\"lazy\" decoding=\"async\" width=\"109\" height=\"155\" class=\"wp-image-2541\" src=\"https:\/\/www.lacgtmontreuil.fr\/wp-content\/uploads\/2018\/11\/logo_cgt-2.jpeg\" alt=\"logo_cgt\" \/>\u00a0\u00a0 <strong>Je, Tu, UL\u2026\u00a0 Fin Octobre 2018\u00a0 N\u00b0313 <\/strong><\/p>\n<p><em>\u00ab\u00a0Changement d\u2019heure\u00a0: avec Macron, on recule d\u2019un si\u00e8cle\u00a0\u00bb<\/em><\/p>\n<p><strong>L\u2019AFPA RIPOSTE:<\/strong> 3, rue Franklin \u2013 Au si\u00e8ge de l\u2019AFPA le 18 octobre, c\u2019est dans le tumulte d\u2019une premi\u00e8re manifestation qu\u2019ont \u00e9t\u00e9 annonc\u00e9s p\u00eale-m\u00eale\u00a0: la fermeture de 38 sites, la suppression de 1451 postes, le non-remplacement des 600 d\u00e9parts en retraite, des reclassements avec d\u00e9classification. Un plan qui engendrerait jusqu\u2019\u00e0 2000 licenciements \u00e9conomiques d\u2019ici \u00e0 2020. Une plateforme de riposte s\u2019est mise en place, r\u00e9unissant l\u2019ensemble des organisations syndicales de l\u2019AFPA, pour organiser la mobilisation contre toute fermeture et licenciement.<\/p>\n<p><strong>L\u2019URSSAF S\u2019INSURGE AUSSI\u00a0:<\/strong> 22, rue de Lagny \u2013 L\u2019URSSAF \u00e9tait \u00e9galement en gr\u00e8ve ce jeudi 18 octobre, avec une bonne centaine de salari\u00e9-e-s rassembl\u00e9e-e-s devant le si\u00e8ge de sa direction francilienne. Une gr\u00e8ve qui sera reconduite le lendemain, contre le plan de mobilit\u00e9s professionnelles et g\u00e9ographiques\u00a0: en effet, la consultation du personnel sur leur \u00ab\u00a01<sup>er<\/sup> choix\u00a0\u00bb dans le cadre de ce plan, d\u00e9montre d\u00e9j\u00e0 l\u2019incompatibilit\u00e9 du projet URSSAF 2020 port\u00e9 par la direction avec les attentes des agents, tous m\u00e9tiers confondus. Au c\u0153ur de la bataille, les syndicats CGT et UGICT-CGT auront aussi r\u00e9ussi \u00e0 rallier une large intersyndicale.<\/p>\n<p><strong>LA CARAVANE PASSE : <\/strong>56, boulevard de la Boissi\u00e8re \u2013 C\u2019est du CHI ANDRE GREGOIRE, \u00e0 l\u2019aube, que la caravane CGT des services publics a d\u00e9marr\u00e9 jeudi 25 pour une tourn\u00e9e \u00e9lectorale dans Montreuil. Pour gagner les fonctions publiques au vote CGT le 6 d\u00e9cembre prochain, la caravane a fait halte \u00e0 l\u2019IUT, au centre sportif Arthur Ashe, \u00e0 Opale, devant les offices agricoles pour terminer \u00e0 la Direction des Douanes et des Indirects.<\/p>\n<p><strong>ARCHIPEL, ARCHI-CGT\u00a0:<\/strong> 12, rue Emile Beaufils \u2013 Le CENTRE JEAN MACE, g\u00e9r\u00e9 par l\u2019association ARCHIPEL, mettait en place son Comit\u00e9 Social et Economique. Une \u00e9lection qui se solde par 38 voix CGT sur 49 inscrits\u2026 malgr\u00e9 la mise au rebut de quelques enveloppes dont les \u00e9lecteurs avaient \u00e9t\u00e9 induits en erreur par de faux bulletins CGT. Avec une repr\u00e9sentativit\u00e9 de 100%, la nouvelle section syndicale peut s\u2019enorgueillir de 6 \u00e9lu-e-s.<\/p>\n<p><strong>COMPAS DANS L\u2019\u0152IL\u00a0:<\/strong> 11, rue des Lilas \u2013 La soci\u00e9t\u00e9 DELAUNAY va \u00eatre d\u00e9localis\u00e9e vers Reims, \u00e0 peine 2 ans apr\u00e8s son acquisition par les \u00e9tablissements Alain COMPAS. Cette nouvelle page de la d\u00e9sindustrialisation de Montreuil vise cette fois une usine de chiffons pour l\u2019industrie avec 12 licenciements \u00e9conomiques annonc\u00e9s, dont celle de notre d\u00e9l\u00e9gu\u00e9 Birahima GASSAMA\u00a0: seuls 5 salari\u00e9s ont accept\u00e9 la proposition d\u2019aller travailler \u00e0 Reims \u00e0 compter du 31 janvier 2019.<\/p>\n<p><strong>RUE BARR\u00c9E\u00a0:<\/strong> 24, boulevard Paul-Vaillant Couturier \u2013 Chez RUES ET CITES, la mise en place du CSE se fait dans la douleur, apr\u00e8s le succ\u00e8s des listes CGT qui obtiennent ce mois 29 voix sur 42 inscrits. La r\u00e9union du 19 octobre fix\u00e9e par la direction n\u2019a pu se tenir, le remplacement d\u2019une \u00e9lue titulaire par son suppl\u00e9ant \u00e9tant contest\u00e9, en violation de l\u2019article L.2314-37 du Code du travail. La CGT qui d\u00e9nonce cette entrave a du exiger une nouvelle r\u00e9union\u2026 dans le respect des textes en vigueur.<\/p>\n","protected":false},"excerpt":{"rendered":"<p>\u00a0\u00a0 Je, Tu, UL\u2026\u00a0 Fin Octobre 2018\u00a0 N\u00b0313 \u00ab\u00a0Changement d\u2019heure\u00a0: avec Macron, on recule d\u2019un si\u00e8cle\u00a0\u00bb L\u2019AFPA RIPOSTE: 3, rue Franklin \u2013 Au si\u00e8ge de l\u2019AFPA le 18 octobre, c\u2019est dans le tumulte d\u2019une premi\u00e8re manifestation qu\u2019ont \u00e9t\u00e9 annonc\u00e9s p\u00eale-m\u00eale\u00a0: la fermeture de 38 sites, la suppression de 1451 postes, le non-remplacement des 600 d\u00e9parts &hellip; <\/p>\n","protected":false},"author":1,"featured_media":0,"comment_status":"closed","ping_status":"open","sticky":false,"template":"","format":"standard","meta":{"footnotes":""},"categories":[2],"tags":[],"class_list":{"0":"entry","1":"post","2":"publish","3":"author-ulmontreuil","4":"post-2538","6":"format-standard","7":"category-je-tu-ul"},"_links":{"self":[{"href":"https:\/\/www.lacgtmontreuil.fr\/index.php?rest_route=\/wp\/v2\/posts\/2538","targetHints":{"allow":["GET"]}}],"collection":[{"href":"https:\/\/www.lacgtmontreuil.fr\/index.php?rest_route=\/wp\/v2\/posts"}],"about":[{"href":"https:\/\/www.lacgtmontreuil.fr\/index.php?rest_route=\/wp\/v2\/types\/post"}],"author":[{"embeddable":true,"href":"https:\/\/www.lacgtmontreuil.fr\/index.php?rest_route=\/wp\/v2\/users\/1"}],"replies":[{"embeddable":true,"href":"https:\/\/www.lacgtmontreuil.fr\/index.php?rest_route=%2Fwp%2Fv2%2Fcomments&post=2538"}],"version-history":[{"count":1,"href":"https:\/\/www.lacgtmontreuil.fr\/index.php?rest_route=\/wp\/v2\/posts\/2538\/revisions"}],"predecessor-version":[{"id":2544,"href":"https:\/\/www.lacgtmontreuil.fr\/index.php?rest_route=\/wp\/v2\/posts\/2538\/revisions\/2544"}],"wp:attachment":[{"href":"https:\/\/www.lacgtmontreuil.fr\/index.php?rest_route=%2Fwp%2Fv2%2Fmedia&parent=2538"}],"wp:term":[{"taxonomy":"category","embeddable":true,"href":"https:\/\/www.lacgtmontreuil.fr\/index.php?rest_route=%2Fwp%2Fv2%2Fcategories&post=2538"},{"taxonomy":"post_tag","embeddable":true,"href":"https:\/\/www.lacgtmontreuil.fr\/index.php?rest_route=%2Fwp%2Fv2%2Ftags&post=2538"}],"curies":[{"name":"wp","href":"https:\/\/api.w.org\/{rel}","templated":true}]}}