{"id":1333,"date":"2018-03-06T19:14:09","date_gmt":"2018-03-06T18:14:09","guid":{"rendered":"http:\/\/www.lacgtmontreuil.fr\/?p=1333"},"modified":"2018-03-06T19:14:09","modified_gmt":"2018-03-06T18:14:09","slug":"je-tu-ul-fin-juin-2017-n270","status":"publish","type":"post","link":"https:\/\/www.lacgtmontreuil.fr\/?p=1333","title":{"rendered":"Je, Tu, UL\u2026  Fin Juin 2017  N\u00b0270"},"content":{"rendered":"<p><strong> Les br\u00e8ves de l\u2019UL CGT de Montreuil, 24, rue de Paris<\/strong><\/p>\n<p><img loading=\"lazy\" decoding=\"async\" width=\"109\" height=\"155\" class=\"wp-image-1334\" src=\"https:\/\/www.lacgtmontreuil.fr\/wp-content\/uploads\/2018\/03\/logo_cgt-46.jpeg\" alt=\"logo_cgt\" \/>\u00a0\u00a0 <strong>Je, Tu, UL\u2026\u00a0 Fin Juin 2017\u00a0 N\u00b0270<\/strong><\/p>\n<p><em>\u00ab\u00a0Des d\u00e9put\u00e9s \u00e9lus avec 57% d\u2019abstention\u00a0: <\/em><em>qui donc a un probl\u00e8me de repr\u00e9sentativit\u00e9\u00a0?\u00a0\u00bb<\/em><\/p>\n<p><strong>L\u2019URSSAF DANS L\u2019ACTION:<\/strong> 22-24, rue de Lagny \u2013 La Direction de l\u2019URSSAF aura re\u00e7u, mercredi 21 juin, une premi\u00e8re livraison de 900 p\u00e9titions pour la f\u00eate de la musique. Avec de grosses revendications sur l\u2019insuffisance des effectifs face aux nouvelles missions, les conditions de travail et les r\u00e9mun\u00e9rations\u2026 en guise d\u2019ouverture. A l\u2019initiative de la CGT, rejointe le matin par FO, un appel \u00e0 la gr\u00e8ve a \u00e9t\u00e9 lanc\u00e9 pour le 27, jour o\u00f9 se tiendra le Conseil d\u2019Administration de l\u2019URSSAF, puis le rassemblement \u00e0 12h, esplanade des Invalides, contre les projets d\u2019ordonnance Macron.<\/p>\n<p><strong>CAISSE \u00c9PARGN\u00c9E:<\/strong> 8, rue de Rosny \u2013 A la CAISSE CENTRALE DES ACTIVITES SOCIALES (CCAS) des \u00e9lectriciens et gaziers, le pr\u00e9avis de gr\u00e8ve pour le 22 a fait reculer la tutelle qui pr\u00e9tendait s\u2019attaquer au statut de la profession, \u00e0 partir des futures ordonnances. Mardi, un courrier d\u2019Edouard PHILIPPE partait de Matignon indiquant \u00e0 l\u2019intersyndicale : \u00ab\u00a0Il n\u2019est pas dans les intentions du gouvernement de faire figurer dans ce texte (les ordonnances) des dispositions de cette nature\u00a0\u00bb. La gr\u00e8ve du 22 n\u2019aura donc pas lieu.<\/p>\n<p><strong>HANDICAP SANCTIONN\u00c9:<\/strong> 280, rue de Paris \u2013 Chez CARREFOUR, la direction sanctionne une caissi\u00e8re sourde\u2026 pour n\u2019avoir pas r\u00e9pondu au petit neveu d\u2019une cliente et lui inflige un avertissement pour \u00ab\u00a0manque de courtoisie\u00a0\u00bb. D\u00e9fendue par la CGT, Ma\u00efmouna conteste ce qu\u2019elle consid\u00e8re \u00eatre un encouragement au comportement discriminatoire de cette cliente qui l\u2019avait menac\u00e9e alors que le bouton d\u2019alerte en caisse ne fonctionnait pas, lui interdisant tout secours lors de l\u2019incident.<\/p>\n<p><strong>VIVE-CGT :<\/strong> 102, rue Etienne Marcel \u2013 VIVAUTO-PL \u00e0 l\u2019enseigne \u00ab\u00a0Autovision\u00a0\u00bb renouvelait en juin sa D\u00e9l\u00e9gation Unique du Personnel. En d\u00e9pit d\u2019une carence partielle, faute de candidat-e-s dans cette entreprise au management brutal, notre camarade Christophe MOSNIER est \u00e9lu pour la CGT avec une repr\u00e9sentativit\u00e9 \u00e0 100%. Il a aussit\u00f4t \u00e9t\u00e9 d\u00e9sign\u00e9 comme d\u00e9l\u00e9gu\u00e9 syndical.<\/p>\n<p><strong>CAUSE TOUJOURS, TU M\u2019INT\u00c9RESSE\u00a0:<\/strong> 49, rue Raspail \u2013 Aux NOUVEAUX ROBINSONS, l\u2019int\u00e9ressement en vigueur depuis 23 ans est remis en cause par le Directoire qui voudrait en conditionner le versement \u00e0 4 crit\u00e8res de \u00ab\u00a0performance\u00a0\u00bb. Face au refus de la CGT (ultra-majoritaire) de signer ce recul social contraire aux valeurs coop\u00e9ratives, un tract du Pr\u00e9sident pr\u00e9tend rendre \u00ab\u00a0la d\u00e9l\u00e9gu\u00e9e syndicale\u00a0\u00bb responsable de la fin de l\u2019int\u00e9ressement. Une man\u0153uvre dont le personnel n\u2019a gu\u00e8re \u00e9t\u00e9 dupe, un tract de la CGT, aussit\u00f4t diffus\u00e9 aupr\u00e8s de l\u2019ensemble des magasins, ayant mis \u00e0 jour les mensonges de la direction. A suivre\u2026<\/p>\n","protected":false},"excerpt":{"rendered":"<p>Les br\u00e8ves de l\u2019UL CGT de Montreuil, 24, rue de Paris \u00a0\u00a0 Je, Tu, UL\u2026\u00a0 Fin Juin 2017\u00a0 N\u00b0270 \u00ab\u00a0Des d\u00e9put\u00e9s \u00e9lus avec 57% d\u2019abstention\u00a0: qui donc a un probl\u00e8me de repr\u00e9sentativit\u00e9\u00a0?\u00a0\u00bb L\u2019URSSAF DANS L\u2019ACTION: 22-24, rue de Lagny \u2013 La Direction de l\u2019URSSAF aura re\u00e7u, mercredi 21 juin, une premi\u00e8re livraison de 900 p\u00e9titions &hellip; <\/p>\n","protected":false},"author":1,"featured_media":0,"comment_status":"closed","ping_status":"open","sticky":false,"template":"","format":"standard","meta":{"footnotes":""},"categories":[2],"tags":[],"class_list":{"0":"entry","1":"post","2":"publish","3":"author-ulmontreuil","4":"post-1333","6":"format-standard","7":"category-je-tu-ul"},"_links":{"self":[{"href":"https:\/\/www.lacgtmontreuil.fr\/index.php?rest_route=\/wp\/v2\/posts\/1333","targetHints":{"allow":["GET"]}}],"collection":[{"href":"https:\/\/www.lacgtmontreuil.fr\/index.php?rest_route=\/wp\/v2\/posts"}],"about":[{"href":"https:\/\/www.lacgtmontreuil.fr\/index.php?rest_route=\/wp\/v2\/types\/post"}],"author":[{"embeddable":true,"href":"https:\/\/www.lacgtmontreuil.fr\/index.php?rest_route=\/wp\/v2\/users\/1"}],"replies":[{"embeddable":true,"href":"https:\/\/www.lacgtmontreuil.fr\/index.php?rest_route=%2Fwp%2Fv2%2Fcomments&post=1333"}],"version-history":[{"count":1,"href":"https:\/\/www.lacgtmontreuil.fr\/index.php?rest_route=\/wp\/v2\/posts\/1333\/revisions"}],"predecessor-version":[{"id":1335,"href":"https:\/\/www.lacgtmontreuil.fr\/index.php?rest_route=\/wp\/v2\/posts\/1333\/revisions\/1335"}],"wp:attachment":[{"href":"https:\/\/www.lacgtmontreuil.fr\/index.php?rest_route=%2Fwp%2Fv2%2Fmedia&parent=1333"}],"wp:term":[{"taxonomy":"category","embeddable":true,"href":"https:\/\/www.lacgtmontreuil.fr\/index.php?rest_route=%2Fwp%2Fv2%2Fcategories&post=1333"},{"taxonomy":"post_tag","embeddable":true,"href":"https:\/\/www.lacgtmontreuil.fr\/index.php?rest_route=%2Fwp%2Fv2%2Ftags&post=1333"}],"curies":[{"name":"wp","href":"https:\/\/api.w.org\/{rel}","templated":true}]}}