{"id":1322,"date":"2018-03-06T19:05:38","date_gmt":"2018-03-06T18:05:38","guid":{"rendered":"http:\/\/www.lacgtmontreuil.fr\/?p=1322"},"modified":"2018-03-06T19:05:38","modified_gmt":"2018-03-06T18:05:38","slug":"je-tu-ul-fin-mai-2017-n267","status":"publish","type":"post","link":"https:\/\/www.lacgtmontreuil.fr\/?p=1322","title":{"rendered":"Je, Tu, UL\u2026  Fin Mai 2017  N\u00b0267"},"content":{"rendered":"<p><strong> Les br\u00e8ves de l\u2019UL CGT de Montreuil, 24, rue de Paris<\/strong><\/p>\n<p><img loading=\"lazy\" decoding=\"async\" width=\"109\" height=\"155\" class=\"wp-image-1323\" src=\"https:\/\/www.lacgtmontreuil.fr\/wp-content\/uploads\/2018\/03\/logo_cgt-42.jpeg\" alt=\"logo_cgt\" \/>\u00a0\u00a0 <strong>Je, Tu, UL\u2026\u00a0 Fin Mai 2017\u00a0 N\u00b0267<\/strong><\/p>\n<p><em>\u00ab\u00a0Le ch\u00f4mage augmente\u00a0: pour PENICAUD c\u2019est no comment\u00a0\u00bb<\/em><\/p>\n<p><strong>PLASSAT LA BOURSE\u00a0:<\/strong> 235, rue Etienne Marcel \u2013 Chez CARREFOUR, la CGT rappelait sa revendication d\u2019un salaire de d\u00e9but de grille \u00e0 1800 euros (on en est loin\u00a0!), quand le hit parade de la revue \u00ab\u00a0Challenges\u00a0\u00bb vient de placer Georges PLASSAT, PDG du groupe, en t\u00eate des augmentations de salaire\u2026 avec 10 millions d\u2019euros (+38% en 2016). Salaire particulier auquel il faut ajouter le co\u00fbt du capital &#8211; les 712 millions d\u2019euros gaspill\u00e9s en dividendes \u2013 les 423 millions d\u2019exon\u00e9ration de cotisations sur les bas salaires, et le CICE, distribu\u00e9 hors de tout contr\u00f4le. Bref, de l\u2019argent, il y en a\u2026 dans les poches du sieur PLASSAT\u00a0!<\/p>\n<p><strong>CR\u00c9ATEUR D\u2019INSTANCE :<\/strong> 216, rue de Rosny \u2013 L\u2019USINE \/ T\u00c9 CREATEUR D\u2019INSTANTS avait pour la premi\u00e8re fois une liste CGT aux \u00e9lections professionnelles. Au 1<sup>er<\/sup> tour, notre camarade Ali BELKESSA recueille 32 voix sur 46 inscrits, soit une repr\u00e9sentativit\u00e9 de 100% pour la CGT chez ce traiteur, filiale du groupe SOS. Le 24 mai, il sera d\u00e9sign\u00e9 comme d\u00e9l\u00e9gu\u00e9 syndical de l\u2019entreprise\u2026 avec du pain sur la planche.<\/p>\n<p><strong>CLASS\u2019ECO :<\/strong> 9, avenue de la R\u00e9sistance \u2013A l\u2019enseigne CLASS\u2019CROUTE, les NAO s\u2019ach\u00e8vent avec un engagement de la direction sur 2 points quand notre camarade Boubacar TRAORE en avait 7 \u00e0 l\u2019ordre du jour. L\u2019employeur propose un saupoudrage de quelques centimes de l\u2019heure, selon l\u2019anciennet\u00e9, et la r\u00e9mun\u00e9ration de 3 jours pour enfant malade\u00a0: autant dire des croutes\u2026 qu\u2019il reste encore \u00e0 formaliser par \u00e9crit, l\u2019employeur ayant manqu\u00e9 quelques classes et d\u00e9couvrant ce qu\u2019est un accord collectif.<\/p>\n<p><strong>LA MAISON QUI BOUGE :<\/strong> 9 bis, rue Dombasle \u2013 La MAISON POPULAIRE doit \u00e9lire ses futur-e-s d\u00e9l\u00e9gu\u00e9-e-s du personnel le mois prochain. Suite \u00e0 une premi\u00e8re r\u00e9union d\u2019information syndicale, le 18 mai, deux nouvelles adh\u00e9sions \u00e0 la CGT ont \u00e9t\u00e9 enregistr\u00e9es, permettant la pr\u00e9sentation de 2 candidates\u00a0: Juliette et Floriane, d\u00e9j\u00e0 charg\u00e9es de revendications par leurs coll\u00e8gues.<\/p>\n<p><strong>REMISE REMIS\u00c9E\u00a0:<\/strong> 19, avenue de la R\u00e9sistance \u2013 MONOPRIX grignotte les petits avantages des salari\u00e9s. C\u2019est l\u2019analyse commune aux syndicats CGT, CFDT, FO et CFE\/CGC qui d\u00e9noncent la suppression unilat\u00e9rale des remises de 10% et 15% dont b\u00e9n\u00e9ficiaient les salari\u00e9s du groupe et la transformation de cet avantage en \u00ab\u00a0cagnotte\u00a0\u00bb, seulement destin\u00e9e \u00e0 fid\u00e9liser la client\u00e8le du personnel. Une carte pour les conjoints vient d\u2019ailleurs d\u2019\u00eatre cr\u00e9\u00e9e pour faciliter l\u2019op\u00e9ration. Les syndicats lancent, quant \u00e0 eux, une p\u00e9tition pour le maintien des remises.<\/p>\n<p><strong>B\u0152UF \u00c1 VENDRE\u00a0:<\/strong> 253, rue Etienne Marcel \u2013 Le B\u0152UF A SIX PATTES est \u00e0 vendre dans le cadre du redressement du groupe FLO. C\u2019est l\u2019information succincte qui vient d\u2019\u00eatre adress\u00e9e aux d\u00e9l\u00e9gu\u00e9es du personnel du restaurant, auquel le groupe BERTRAND, annonc\u00e9 comme repreneur, assure que la restructuration \u00ab\u00a0n\u2019aurait aucune incidence pour les salari\u00e9s\u00a0\u00bb. A voir, pour notre camarade Bintou DIALLO, qui affute une batterie de questions\u2026<\/p>\n","protected":false},"excerpt":{"rendered":"<p>Les br\u00e8ves de l\u2019UL CGT de Montreuil, 24, rue de Paris \u00a0\u00a0 Je, Tu, UL\u2026\u00a0 Fin Mai 2017\u00a0 N\u00b0267 \u00ab\u00a0Le ch\u00f4mage augmente\u00a0: pour PENICAUD c\u2019est no comment\u00a0\u00bb PLASSAT LA BOURSE\u00a0: 235, rue Etienne Marcel \u2013 Chez CARREFOUR, la CGT rappelait sa revendication d\u2019un salaire de d\u00e9but de grille \u00e0 1800 euros (on en est loin\u00a0!), &hellip; <\/p>\n","protected":false},"author":1,"featured_media":0,"comment_status":"closed","ping_status":"open","sticky":false,"template":"","format":"standard","meta":{"footnotes":""},"categories":[2],"tags":[],"class_list":{"0":"entry","1":"post","2":"publish","3":"author-ulmontreuil","4":"post-1322","6":"format-standard","7":"category-je-tu-ul"},"_links":{"self":[{"href":"https:\/\/www.lacgtmontreuil.fr\/index.php?rest_route=\/wp\/v2\/posts\/1322","targetHints":{"allow":["GET"]}}],"collection":[{"href":"https:\/\/www.lacgtmontreuil.fr\/index.php?rest_route=\/wp\/v2\/posts"}],"about":[{"href":"https:\/\/www.lacgtmontreuil.fr\/index.php?rest_route=\/wp\/v2\/types\/post"}],"author":[{"embeddable":true,"href":"https:\/\/www.lacgtmontreuil.fr\/index.php?rest_route=\/wp\/v2\/users\/1"}],"replies":[{"embeddable":true,"href":"https:\/\/www.lacgtmontreuil.fr\/index.php?rest_route=%2Fwp%2Fv2%2Fcomments&post=1322"}],"version-history":[{"count":1,"href":"https:\/\/www.lacgtmontreuil.fr\/index.php?rest_route=\/wp\/v2\/posts\/1322\/revisions"}],"predecessor-version":[{"id":1324,"href":"https:\/\/www.lacgtmontreuil.fr\/index.php?rest_route=\/wp\/v2\/posts\/1322\/revisions\/1324"}],"wp:attachment":[{"href":"https:\/\/www.lacgtmontreuil.fr\/index.php?rest_route=%2Fwp%2Fv2%2Fmedia&parent=1322"}],"wp:term":[{"taxonomy":"category","embeddable":true,"href":"https:\/\/www.lacgtmontreuil.fr\/index.php?rest_route=%2Fwp%2Fv2%2Fcategories&post=1322"},{"taxonomy":"post_tag","embeddable":true,"href":"https:\/\/www.lacgtmontreuil.fr\/index.php?rest_route=%2Fwp%2Fv2%2Ftags&post=1322"}],"curies":[{"name":"wp","href":"https:\/\/api.w.org\/{rel}","templated":true}]}}