{"id":1316,"date":"2018-03-06T18:58:23","date_gmt":"2018-03-06T17:58:23","guid":{"rendered":"http:\/\/www.lacgtmontreuil.fr\/?p=1316"},"modified":"2018-03-06T18:58:23","modified_gmt":"2018-03-06T17:58:23","slug":"je-tu-ul-debut-mai-2017-n265","status":"publish","type":"post","link":"https:\/\/www.lacgtmontreuil.fr\/?p=1316","title":{"rendered":"Je, Tu, UL\u2026  D\u00e9but Mai 2017  N\u00b0265"},"content":{"rendered":"<p><strong> Les br\u00e8ves de l\u2019UL CGT de Montreuil, 24, rue de Paris<\/strong><\/p>\n<p><img loading=\"lazy\" decoding=\"async\" width=\"109\" height=\"155\" class=\"wp-image-1317\" src=\"https:\/\/www.lacgtmontreuil.fr\/wp-content\/uploads\/2018\/03\/logo_cgt-40.jpeg\" alt=\"logo_cgt\" \/>\u00a0\u00a0 <strong>Je, Tu, UL\u2026\u00a0 D\u00e9but Mai 2017\u00a0 N\u00b0265<\/strong><\/p>\n<p><em>\u00ab\u00a0Course \u00e0 l\u2019Elys\u00e9e\u00a0: on vaut mieux que \u00e7a\u00a0!\u00a0\u00bb<\/em><\/p>\n<p><strong>MERGUEZ OU POULET\u00a0? :<\/strong> place du March\u00e9 \u2013 L\u2019UL-CGT proposait ainsi un vrai choix le 1<sup>er<\/sup> mai \u00e0 midi, entre les deux tours des pr\u00e9sidentielles, pour son barbecue revendicatif. Plus de 150 Montreuillois ont r\u00e9pondu \u00e0 l\u2019invitation avant la manifestation parisienne qui a, elle, rassembl\u00e9 80\u00a0000 personnes derri\u00e8re le mot d\u2019ordre unitaire\u00a0: \u00ab\u00a0en finir avec les reculs sociaux qui font le terreau de l\u2019extr\u00eame-droite\u00a0\u00bb. Une mobilisation annonciatrice de futurs combats syndicaux\u2026<\/p>\n<p><strong>\u00c9LECTION INTERM\u00c9DIAIRE :<\/strong> 3, rue Franklin \u2013 L\u2019AFPA votait aussi entre les 2 tours des pr\u00e9sidentielles, pour \u00e9lire les administrateurs repr\u00e9sentants des salari\u00e9s au CA de l\u2019EPIC. Avec 943 voix (31,55%) le personnel cadre et non cadre a \u00e9lu notre camarade Christian FILLIOT et plac\u00e9 la CGT en t\u00eate, devant la CFDT (30,14%) et la CFE\/CGC (22,09%). Seule ombre au tableau, le vote \u00e9lectronique s\u2019est r\u00e9v\u00e9l\u00e9 \u00eatre un frein \u00e0 la participation avec une abstention de plus de 60% pour cette \u00e9lection particuli\u00e8re.<\/p>\n<p><strong>\u00c7A SE COMPLIQUE POUR LES COMPLICES\u00a0:<\/strong> 20, rue Rabelais \u2013 LES COMPLICES sont au bord du d\u00e9p\u00f4t de bilan suite \u00e0 une rupture commerciale des magasins CARREFOUR qu\u2019ils fournissaient en pr\u00eat-\u00e0-porter. Face \u00e0 cette situation alarmante, tant pour l\u2019entreprise montreuilloise que pour son r\u00e9seau de magasins, le PDG retrouve soudain de l\u2019int\u00e9r\u00eat \u00e0 discuter avec le d\u00e9l\u00e9gu\u00e9 syndical CGT, notre camarade Zinedine BENNA\u00a0: des fois que la CGT aurait plus d\u2019influence que lui sur la politique de CARREFOUR.<\/p>\n<p><strong>TESSI RADIN :<\/strong> 240, rue de Rosny \u2013 Chez TESSI CHEQUE ILE DE France, la n\u00e9gociation annuelle sur le partage de la valeur ajout\u00e9e s\u2019ach\u00e8ve avec un petit +1% d\u2019augmentation, avec effet r\u00e9troactif au 1<sup>er<\/sup> avril 2017. Malgr\u00e9 des conditions restrictives, la d\u00e9l\u00e9gation CGT conduite par notre camarade Rose-Marie CHOUT a sign\u00e9 l\u2019accord, apr\u00e8s avoir obtenu de la direction qu\u2019elle \u00e9volue de sa proposition initiale \u00e0 0,6%. La section syndicale continue d\u2019exiger, d\u2019ann\u00e9e en ann\u00e9e, le rattrapage des salaires par rapport aux coll\u00e8gues d\u2019ICSB, filiale de TESSI, qui travaillent sur le m\u00eame plateau.<\/p>\n<p><strong>L\u2019INT\u00c9R\u00caT EN PLAN\u00a0:<\/strong> 4, place du G\u00e9n\u00e9ral de Gaulle \u2013 A l\u2019UGECAM \u00cele-de-France, la CGT s\u2019\u00e9tonne de la baisse du montant de la prime d\u2019int\u00e9ressement, laquelle serait corr\u00e9l\u00e9e \u00e0 la fixation d\u2019objectifs irr\u00e9alisables compte tenu de l\u2019absence de moyens et de l\u2019insuffisance des effectifs. Pire, elle alerte les salari\u00e9s de l\u2019UGECAM que sans manifestation expresse de leur part, la prime d\u2019int\u00e9ressement sera vers\u00e9e automatiquement sur le plan d\u2019\u00e9pargne entreprise et bloqu\u00e9e pendant 5 ans. Une info utile extraite du site du syndicat\u00a0: <a href=\"http:\/\/www.cgtugecamif.reference-syndicale.fr\">www.cgtugecamif.reference-syndicale.fr<\/a>.<\/p>\n","protected":false},"excerpt":{"rendered":"<p>Les br\u00e8ves de l\u2019UL CGT de Montreuil, 24, rue de Paris \u00a0\u00a0 Je, Tu, UL\u2026\u00a0 D\u00e9but Mai 2017\u00a0 N\u00b0265 \u00ab\u00a0Course \u00e0 l\u2019Elys\u00e9e\u00a0: on vaut mieux que \u00e7a\u00a0!\u00a0\u00bb MERGUEZ OU POULET\u00a0? : place du March\u00e9 \u2013 L\u2019UL-CGT proposait ainsi un vrai choix le 1er mai \u00e0 midi, entre les deux tours des pr\u00e9sidentielles, pour son barbecue &hellip; <\/p>\n","protected":false},"author":1,"featured_media":0,"comment_status":"closed","ping_status":"open","sticky":false,"template":"","format":"standard","meta":{"footnotes":""},"categories":[2],"tags":[],"class_list":{"0":"entry","1":"post","2":"publish","3":"author-ulmontreuil","4":"post-1316","6":"format-standard","7":"category-je-tu-ul"},"_links":{"self":[{"href":"https:\/\/www.lacgtmontreuil.fr\/index.php?rest_route=\/wp\/v2\/posts\/1316","targetHints":{"allow":["GET"]}}],"collection":[{"href":"https:\/\/www.lacgtmontreuil.fr\/index.php?rest_route=\/wp\/v2\/posts"}],"about":[{"href":"https:\/\/www.lacgtmontreuil.fr\/index.php?rest_route=\/wp\/v2\/types\/post"}],"author":[{"embeddable":true,"href":"https:\/\/www.lacgtmontreuil.fr\/index.php?rest_route=\/wp\/v2\/users\/1"}],"replies":[{"embeddable":true,"href":"https:\/\/www.lacgtmontreuil.fr\/index.php?rest_route=%2Fwp%2Fv2%2Fcomments&post=1316"}],"version-history":[{"count":1,"href":"https:\/\/www.lacgtmontreuil.fr\/index.php?rest_route=\/wp\/v2\/posts\/1316\/revisions"}],"predecessor-version":[{"id":1318,"href":"https:\/\/www.lacgtmontreuil.fr\/index.php?rest_route=\/wp\/v2\/posts\/1316\/revisions\/1318"}],"wp:attachment":[{"href":"https:\/\/www.lacgtmontreuil.fr\/index.php?rest_route=%2Fwp%2Fv2%2Fmedia&parent=1316"}],"wp:term":[{"taxonomy":"category","embeddable":true,"href":"https:\/\/www.lacgtmontreuil.fr\/index.php?rest_route=%2Fwp%2Fv2%2Fcategories&post=1316"},{"taxonomy":"post_tag","embeddable":true,"href":"https:\/\/www.lacgtmontreuil.fr\/index.php?rest_route=%2Fwp%2Fv2%2Ftags&post=1316"}],"curies":[{"name":"wp","href":"https:\/\/api.w.org\/{rel}","templated":true}]}}