{"id":1313,"date":"2018-03-06T18:56:32","date_gmt":"2018-03-06T17:56:32","guid":{"rendered":"http:\/\/www.lacgtmontreuil.fr\/?p=1313"},"modified":"2018-03-06T18:56:32","modified_gmt":"2018-03-06T17:56:32","slug":"je-tu-ul-fin-avril-2017-n264","status":"publish","type":"post","link":"https:\/\/www.lacgtmontreuil.fr\/?p=1313","title":{"rendered":"Je, Tu, UL\u2026  Fin Avril 2017  N\u00b0264"},"content":{"rendered":"<p><strong> Les br\u00e8ves de l\u2019UL CGT de Montreuil, 24, rue de Paris<\/strong><\/p>\n<p><img loading=\"lazy\" decoding=\"async\" width=\"109\" height=\"155\" class=\"wp-image-1314\" src=\"https:\/\/www.lacgtmontreuil.fr\/wp-content\/uploads\/2018\/03\/logo_cgt-39.jpeg\" alt=\"logo_cgt\" \/>\u00a0\u00a0 <strong>Je, Tu, UL\u2026\u00a0 Fin Avril 2017\u00a0 N\u00b0264<\/strong><\/p>\n<p><em>\u00ab\u00a0C\u2019est pas \u00e0 l\u2019Elys\u00e9e qu\u2019on obtiendra des avanc\u00e9es\u00a0: le 1<sup>er<\/sup> mai, on bat le pav\u00e9\u00a0!\u00a0\u00bb<\/em><\/p>\n<p><strong>ARROSEUR ARROS\u00c9 :<\/strong> 22-24, rue de Lagny \u2013 A l\u2019URSSAF Ile-de-France, le Conseil d\u2019Administration du 25 avril aura act\u00e9 que direction et pr\u00e9sidence souhaitaient d\u00e9sormais mettre un terme aux suppressions d\u2019emplois. Les m\u00eames qui en ont \u00ab\u00a0d\u00e9graiss\u00e9s\u00a0\u00bb 500 en 7 ans auraient-ils pris conscience que les nouvelles missions en 2017, dont le recouvrement des ind\u00e9pendants, allaient poser un probl\u00e8me d\u2019effectif\u00a0? Le syndicat CGT a en tout cas aussit\u00f4t rebondi en rappelant ses revendications en mati\u00e8re d\u2019embauche, de hausses des salaries et d\u2019am\u00e9lioration des conditions de travail.<\/p>\n<p><strong>MAISON TROP OUVERTE :<\/strong> 111, avenue du Pr\u00e9sident Wilson \u2013 La MAISON DES VERGERS, qui re\u00e7oit des personnes \u00e2g\u00e9es vuln\u00e9rables, semble faire bien peu de cas de leur s\u00e9curit\u00e9. La CGT y d\u00e9nonce depuis des ann\u00e9es le manque de personnel de l\u2019EHPAD, avec certaines nuits 3 professionnels seulement pour encadrer l\u2019ensemble des r\u00e9sidents, et donc dans l\u2019impossibilit\u00e9 de faire face aux intrusions ext\u00e9rieures. C\u2019est ainsi que les aides-soignantes ont \u00e9t\u00e9 confront\u00e9es \u00e0 un nouveau public pour cette maison de retraite\u00a0: celui des bars de nuit\u00a0!<\/p>\n<p><strong>VISION D\u00c9FORM\u00c9E :<\/strong> 261, rue de Paris \u2013 Chez DG OPTIQUE, le rachat des opticiens issus de l\u2019UTMIF commence par un contentieux au Tribunal d\u2019Instance de Montreuil. Le PDG y contestait, le 27 avril, la d\u00e9signation avant son transfert administratif de notre camarade Taieb MOUSTAFID, pour repr\u00e9senter la CGT. L\u2019Inspection du Travail ayant entre-temps autoris\u00e9 le transfert, voil\u00e0 notre camarade officiellement d\u00e9sign\u00e9 comme repr\u00e9sentant de la section syndicale aupr\u00e8s de son nouvel employeur. Bien vu\u00a0!<\/p>\n<p><strong>TRISTE SIRE :<\/strong> 17, rue Malot \u2013 La soci\u00e9t\u00e9 SIRE avait r\u00e9parti ses salari\u00e9s entre SIRE Nettoyage et SIRE Agencement. N\u00e9anmoins, chacun des 11 salari\u00e9s arrivaient au m\u00eame constat\u00a0: aucun salaire depuis mars dernier. Le Tribunal de Commerce de Bobigny \u00e9tant saisi, il leur faudra encore attendre sa d\u00e9cision, le 10 mai prochain.<\/p>\n<p><strong>SURPRODUCTION DE B\u00c9B\u00c9S\u00a0:<\/strong> 56, boulevard de la Boissi\u00e8re \u2013 Le CHI ANDRE GREGOIRE demeure sous la pression de la Chambre R\u00e9gionale des Comptes qui s\u2019alarme que l\u2019effet \u00ab\u00a0b\u00e9n\u00e9fique\u00a0\u00bb, selon elle, des restructurations ait \u00e9t\u00e9 \u00ab\u00a0quasiment balay\u00e9 par les recrutements op\u00e9r\u00e9s en m\u00e9decine et en obst\u00e9trique. L\u2019h\u00f4pital vient ainsi de franchir le cap des 4000 naissances annuelles. C\u2019est grave docteur\u00a0?<\/p>\n","protected":false},"excerpt":{"rendered":"<p>Les br\u00e8ves de l\u2019UL CGT de Montreuil, 24, rue de Paris \u00a0\u00a0 Je, Tu, UL\u2026\u00a0 Fin Avril 2017\u00a0 N\u00b0264 \u00ab\u00a0C\u2019est pas \u00e0 l\u2019Elys\u00e9e qu\u2019on obtiendra des avanc\u00e9es\u00a0: le 1er mai, on bat le pav\u00e9\u00a0!\u00a0\u00bb ARROSEUR ARROS\u00c9 : 22-24, rue de Lagny \u2013 A l\u2019URSSAF Ile-de-France, le Conseil d\u2019Administration du 25 avril aura act\u00e9 que direction &hellip; <\/p>\n","protected":false},"author":1,"featured_media":0,"comment_status":"closed","ping_status":"open","sticky":false,"template":"","format":"standard","meta":{"footnotes":""},"categories":[2],"tags":[],"class_list":{"0":"entry","1":"post","2":"publish","3":"author-ulmontreuil","4":"post-1313","6":"format-standard","7":"category-je-tu-ul"},"_links":{"self":[{"href":"https:\/\/www.lacgtmontreuil.fr\/index.php?rest_route=\/wp\/v2\/posts\/1313","targetHints":{"allow":["GET"]}}],"collection":[{"href":"https:\/\/www.lacgtmontreuil.fr\/index.php?rest_route=\/wp\/v2\/posts"}],"about":[{"href":"https:\/\/www.lacgtmontreuil.fr\/index.php?rest_route=\/wp\/v2\/types\/post"}],"author":[{"embeddable":true,"href":"https:\/\/www.lacgtmontreuil.fr\/index.php?rest_route=\/wp\/v2\/users\/1"}],"replies":[{"embeddable":true,"href":"https:\/\/www.lacgtmontreuil.fr\/index.php?rest_route=%2Fwp%2Fv2%2Fcomments&post=1313"}],"version-history":[{"count":1,"href":"https:\/\/www.lacgtmontreuil.fr\/index.php?rest_route=\/wp\/v2\/posts\/1313\/revisions"}],"predecessor-version":[{"id":1315,"href":"https:\/\/www.lacgtmontreuil.fr\/index.php?rest_route=\/wp\/v2\/posts\/1313\/revisions\/1315"}],"wp:attachment":[{"href":"https:\/\/www.lacgtmontreuil.fr\/index.php?rest_route=%2Fwp%2Fv2%2Fmedia&parent=1313"}],"wp:term":[{"taxonomy":"category","embeddable":true,"href":"https:\/\/www.lacgtmontreuil.fr\/index.php?rest_route=%2Fwp%2Fv2%2Fcategories&post=1313"},{"taxonomy":"post_tag","embeddable":true,"href":"https:\/\/www.lacgtmontreuil.fr\/index.php?rest_route=%2Fwp%2Fv2%2Ftags&post=1313"}],"curies":[{"name":"wp","href":"https:\/\/api.w.org\/{rel}","templated":true}]}}