{"id":1270,"date":"2018-03-03T17:40:22","date_gmt":"2018-03-03T16:40:22","guid":{"rendered":"http:\/\/www.lacgtmontreuil.fr\/?p=1270"},"modified":"2018-03-03T17:40:22","modified_gmt":"2018-03-03T16:40:22","slug":"je-tu-ul-mi-novembre-2016-n250","status":"publish","type":"post","link":"https:\/\/www.lacgtmontreuil.fr\/?p=1270","title":{"rendered":"Je, Tu, UL\u2026  Mi-novembre 2016  N\u00b0250"},"content":{"rendered":"<p><strong> Les br\u00e8ves de l\u2019UL CGT de Montreuil, 24, rue de Paris<\/strong><\/p>\n<p><img loading=\"lazy\" decoding=\"async\" width=\"109\" height=\"155\" class=\"wp-image-1271\" src=\"https:\/\/www.lacgtmontreuil.fr\/wp-content\/uploads\/2018\/03\/logo_cgt-25.jpeg\" alt=\"logo_cgt\" \/>\u00a0\u00a0 <strong>Je, Tu, UL\u2026\u00a0 Mi-novembre 2016\u00a0 N\u00b0250<\/strong><\/p>\n<p><em>\u00ab\u00a032 heures pour moi\u00a0: des emplois cr\u00e9\u00e9s pour tous\u00a0!\u00a0\u00bb<\/em><\/p>\n<p><strong>PAS DE BONNETEAU POUR LE C.I.O.\u00a0:<\/strong> 21, avenue Walwein \u2013 Le CENTRE D\u2019INFORMATION ET D\u2019ORIENTATION (CIO) scolaire de Montreuil serait \u00ab\u00a0sauv\u00e9\u00a0\u00bb suite \u00e0 la mobilisation de la semaine derni\u00e8re aupr\u00e8s du D\u00e9partement et du Rectorat. Mais le tour de passe-passe consiste pour l\u2019instant \u00e0 d\u00e9placer les suppressions de CIO, avec, sur les 17 sites que compte la Seine-Saint-Denis, 6 centres menac\u00e9s de fermeture. La CGT Educ\u2019Action exige bien s\u00fbr le maintien de tous les CIO.<\/p>\n<p>&nbsp;<\/p>\n<p><strong>L\u2019AFPA \u00c1 LA D\u00c9COUPE\u00a0?:<\/strong> 3, rue Franklin \u2013 La \u00ab\u00a0refondation\u00a0\u00bb de l\u2019AFPA vient de faire l\u2019objet d\u2019une ordonnance parue le 11 novembre (\u00e7a ne s\u2019invente pas\u00a0!) au Journal Officiel, o\u00f9 l\u2019AFPA historique devenue EPIC se voit retirer 400 emplois pour une filiale \u00ab\u00a0AFPA &#8211; Retour \u00e0 l\u2019emploi\u00a0\u00bb et un peu plus de 250 pour une 2<sup>\u00e8me<\/sup> filiale \u00ab\u00a0AFPA \u2013 Entreprises\u00a0\u00bb. Un d\u00e9coupage issu des pressions de la Commission Europ\u00e9enne qui voudrait faire de l\u2019AFPA (EPIC) le sous-traitant de ses 2 filiales \u00e0 vocation commerciale. Avec pour la recherche de \u00ab\u00a0marges\u00a0\u00bb, le projet de doubler la pr\u00e9carit\u00e9 parmi les formateurs\u2026<\/p>\n<p><strong>FINANCES FERM\u00c9ES\u00a0:<\/strong> 29, rue Parmentier \u2013 Le CENTRE DES IMP\u00d4TS \u00e9tait en gr\u00e8ve mardi 15 novembre. Un mouvement national dans les Finances Publiques \u00e0 l\u2019appel des syndicats CGT, Solidaires et FO qui r\u00e9pond en Seine-Saint-Denis \u00e0 une baisse d\u2019effectif de 15% suite notamment \u00e0 des fusions de centres, comme ceux de Montreuil et Noisy-Le-Sec, avec pour cons\u00e9quences pour les usagers l\u2019impossibilit\u00e9 de contacter ces services par mail ou par t\u00e9l\u00e9phone, sauf \u00e0 passer par un call-center bas\u00e9\u2026\u00e0 Chartres\u00a0!<\/p>\n<p><strong>CONTRE L\u2019IMPOSTURE\u00a0:<\/strong> 44, boulevard Rouget de Lisle \u2013 LA POSTE aura seulement fait de la \u00ab\u00a0com\u00a0\u00bb en annon\u00e7ant la suspension de son projet de r\u00e9organisation du courrier (cf. \u00ab\u00a0Je, Tu, UL\u00a0\u00bb n\u00b0248). Avec un pr\u00e9avis de gr\u00e8ve pour le mardi 22 novembre, les postier-e-s r\u00e9clameront l\u2019embauche des CDD, contrats pro et apprentis, la reconnaissance et le paiement du \u00ab\u00a0travail gratuit\u00a0\u00bb, l\u2019annulation des sanctions cons\u00e9quences de tourn\u00e9es trop charg\u00e9es, et le recomptage du temps par quartier, pour tenir compte de l\u2019interdiction des v\u00e9los sur les trottoirs.<\/p>\n<p><strong>PAPILLONS CGT\u00a0:<\/strong> 59, rue de Vincennes \u2013 A l\u2019APEI \u00ab\u00a0LES PAPILLONS BLANCS\u00a0\u00bb le personnel \u00e9tait appel\u00e9 \u00e0 renouveler ses d\u00e9l\u00e9gu\u00e9es du personnel. Sur 10 salari\u00e9s \u00e9lecteurs, nos camarades Isabelle PAYA et Giulia TRAN ont recueilli chacune 6 vois et ont donc \u00e9t\u00e9 \u00e9lues, \u00e0 l\u2019issu du scrutin ce 10 novembre.<\/p>\n<p>&nbsp;<\/p>\n<p><strong>MONOPOLY RUE DE ROSNY\u00a0:<\/strong> 240, rue de Rosny \u2013 TESSI et ICSB, entreprises montreuilloises de traitement de ch\u00e8ques, ont \u00e9t\u00e9 rachet\u00e9es par la famille DENTRESSANGLE, 56<sup>\u00e8me<\/sup> fortune de France. Un nouvel actionnaire d\u00e9j\u00e0 bien connu, puisqu\u2019accus\u00e9 de dumping social et trafic de main d\u2019\u0153uvre dans le cadre de son ancienne activit\u00e9 de transporteur routier, et r\u00e9cemment acqu\u00e9reur de l\u2019IFOP, rachet\u00e9 \u00e0 l\u2019ancienne pr\u00e9sidente du MEDEF Laurence PARISOT. De quoi rendre vigilantes les 2 sections CGT, majoritaires chez ICSB comme chez TESSI CHEQUES ILE-DE-FRANCE\u00a0!<\/p>\n","protected":false},"excerpt":{"rendered":"<p>Les br\u00e8ves de l\u2019UL CGT de Montreuil, 24, rue de Paris \u00a0\u00a0 Je, Tu, UL\u2026\u00a0 Mi-novembre 2016\u00a0 N\u00b0250 \u00ab\u00a032 heures pour moi\u00a0: des emplois cr\u00e9\u00e9s pour tous\u00a0!\u00a0\u00bb PAS DE BONNETEAU POUR LE C.I.O.\u00a0: 21, avenue Walwein \u2013 Le CENTRE D\u2019INFORMATION ET D\u2019ORIENTATION (CIO) scolaire de Montreuil serait \u00ab\u00a0sauv\u00e9\u00a0\u00bb suite \u00e0 la mobilisation de la semaine &hellip; <\/p>\n","protected":false},"author":1,"featured_media":0,"comment_status":"closed","ping_status":"open","sticky":false,"template":"","format":"standard","meta":{"footnotes":""},"categories":[2],"tags":[],"class_list":{"0":"entry","1":"post","2":"publish","3":"author-ulmontreuil","4":"post-1270","6":"format-standard","7":"category-je-tu-ul"},"_links":{"self":[{"href":"https:\/\/www.lacgtmontreuil.fr\/index.php?rest_route=\/wp\/v2\/posts\/1270","targetHints":{"allow":["GET"]}}],"collection":[{"href":"https:\/\/www.lacgtmontreuil.fr\/index.php?rest_route=\/wp\/v2\/posts"}],"about":[{"href":"https:\/\/www.lacgtmontreuil.fr\/index.php?rest_route=\/wp\/v2\/types\/post"}],"author":[{"embeddable":true,"href":"https:\/\/www.lacgtmontreuil.fr\/index.php?rest_route=\/wp\/v2\/users\/1"}],"replies":[{"embeddable":true,"href":"https:\/\/www.lacgtmontreuil.fr\/index.php?rest_route=%2Fwp%2Fv2%2Fcomments&post=1270"}],"version-history":[{"count":1,"href":"https:\/\/www.lacgtmontreuil.fr\/index.php?rest_route=\/wp\/v2\/posts\/1270\/revisions"}],"predecessor-version":[{"id":1272,"href":"https:\/\/www.lacgtmontreuil.fr\/index.php?rest_route=\/wp\/v2\/posts\/1270\/revisions\/1272"}],"wp:attachment":[{"href":"https:\/\/www.lacgtmontreuil.fr\/index.php?rest_route=%2Fwp%2Fv2%2Fmedia&parent=1270"}],"wp:term":[{"taxonomy":"category","embeddable":true,"href":"https:\/\/www.lacgtmontreuil.fr\/index.php?rest_route=%2Fwp%2Fv2%2Fcategories&post=1270"},{"taxonomy":"post_tag","embeddable":true,"href":"https:\/\/www.lacgtmontreuil.fr\/index.php?rest_route=%2Fwp%2Fv2%2Ftags&post=1270"}],"curies":[{"name":"wp","href":"https:\/\/api.w.org\/{rel}","templated":true}]}}