{"id":1267,"date":"2018-03-03T17:37:39","date_gmt":"2018-03-03T16:37:39","guid":{"rendered":"http:\/\/www.lacgtmontreuil.fr\/?p=1267"},"modified":"2018-03-03T17:37:39","modified_gmt":"2018-03-03T16:37:39","slug":"je-tu-ul-debut-novembre-2016-n249","status":"publish","type":"post","link":"https:\/\/www.lacgtmontreuil.fr\/?p=1267","title":{"rendered":"Je, Tu, UL\u2026  D\u00e9but Novembre 2016  N\u00b0249"},"content":{"rendered":"<p><strong> Les br\u00e8ves de l\u2019UL CGT de Montreuil, 24, rue de Paris<\/strong><\/p>\n<p><img loading=\"lazy\" decoding=\"async\" width=\"109\" height=\"155\" class=\"wp-image-1268\" src=\"https:\/\/www.lacgtmontreuil.fr\/wp-content\/uploads\/2018\/03\/logo_cgt-24.jpeg\" alt=\"logo_cgt\" \/>\u00a0\u00a0 <strong>Je, Tu, UL\u2026\u00a0 D\u00e9but Novembre 2016\u00a0 N\u00b0249<\/strong><\/p>\n<p><em>\u00ab\u00a0Droit au logement pour tous\u00a0: tr\u00eave hivernale, toute l\u2019ann\u00e9e\u00a0!\u00a0\u00bb<\/em><\/p>\n<p><strong>D\u00c9SORIENTATION:<\/strong> 21, avenue Walwein \u2013 Le CENTRE D\u2019INFORMATION ET D\u2019ORIENTATION (CIO) risque de fermer suite \u00e0 une d\u00e9cision du Minist\u00e8re de l\u2019Education nationale. Outil essentiel de lutte contre le d\u00e9crochage scolaire des primo-arrivants, le CIO de Montreuil r\u00e9alise plus de 500 entretiens d\u2019orientation par an. La CGT Educ\u2019Action 93 alerte dans son bulletin syndical \u00ab\u00a0Tohu-Bahuts\u00a0\u00bb sur cette menace et sur l\u2019ensemble des chahuts dont l\u2019\u00e9cole est victime en Seine-Saint-Denis\u00a0; elle en appelle \u00e0 la riposte le 17 novembre prochain.<\/p>\n<p><strong>SOUFFRANCE \u00c1 \u00c9MERGENCES:<\/strong> 261, rue de Paris \u2013 EMERGENCES, cabinet de formation et d\u2019expertise aupr\u00e8s des CE et des CHSCT, est en gr\u00e8ve \u00e0 l\u2019initiative de la section CGT contre la proc\u00e9dure de licenciement engag\u00e9e \u00e0 l\u2019encontre de R\u00e9my\u2026 membre du CHSCT. La direction, qui entend tirer profit d\u2019une tension entre deux coll\u00e8gues pour trouver mati\u00e8re \u00e0 sanctionner un repr\u00e9sentant du personnel, s\u2019ent\u00eate sur sa position au risque de mettre en p\u00e9ril la p\u00e9rennit\u00e9 de la structure. Pour la CGT, le refus du licenciement envisag\u00e9 se double donc d\u2019un appel \u00e0 sauver EMERGENCES de son directeur.<\/p>\n<p><strong>UNE CGT D\u2019APLON:<\/strong> 12-14, rue de Vincennes \u2013 APLON, organisme de formation priv\u00e9e, va conna\u00eetre le 2<sup>\u00e8me<\/sup> tour des \u00e9lections professionnelles en application de la Loi Rebsamen fusionnant DP, CE et CHSCT. La liste CGT pr\u00e9sent\u00e9e au 1<sup>er<\/sup> tour a recueilli 21 voix sur 47 inscrits, \u00e9tablissant sa repr\u00e9sentativit\u00e9 syndicale au sein de l\u2019association pour la premi\u00e8re fois.<\/p>\n<p><strong>CO-LOCATION :<\/strong> 30, boulevard Chanzy \u2013 Chez INTERLOGEMENT 93, apr\u00e8s l\u2019\u00e9viction de l\u2019ancien directeur, c\u2019est en commun que les sections CGT et CFDT ont d\u00e9cid\u00e9 d\u2019aborder les n\u00e9gociations annuelles obligatoires, avec un programme de 10 revendications pr\u00e9sent\u00e9es conjointement. Pour repartir du bon pied avec la nouvelle direction, rien ne manque en effet\u00a0: du r\u00e9gime des primes \u00e0 l\u2019augmentation du ticket-restaurant, en passant par la subrogation, les jours pour enfant malade et l\u2019extension des droits syndicaux.<\/p>\n","protected":false},"excerpt":{"rendered":"<p>Les br\u00e8ves de l\u2019UL CGT de Montreuil, 24, rue de Paris \u00a0\u00a0 Je, Tu, UL\u2026\u00a0 D\u00e9but Novembre 2016\u00a0 N\u00b0249 \u00ab\u00a0Droit au logement pour tous\u00a0: tr\u00eave hivernale, toute l\u2019ann\u00e9e\u00a0!\u00a0\u00bb D\u00c9SORIENTATION: 21, avenue Walwein \u2013 Le CENTRE D\u2019INFORMATION ET D\u2019ORIENTATION (CIO) risque de fermer suite \u00e0 une d\u00e9cision du Minist\u00e8re de l\u2019Education nationale. Outil essentiel de lutte &hellip; <\/p>\n","protected":false},"author":1,"featured_media":0,"comment_status":"closed","ping_status":"open","sticky":false,"template":"","format":"standard","meta":{"footnotes":""},"categories":[2],"tags":[],"class_list":{"0":"entry","1":"post","2":"publish","3":"author-ulmontreuil","4":"post-1267","6":"format-standard","7":"category-je-tu-ul"},"_links":{"self":[{"href":"https:\/\/www.lacgtmontreuil.fr\/index.php?rest_route=\/wp\/v2\/posts\/1267","targetHints":{"allow":["GET"]}}],"collection":[{"href":"https:\/\/www.lacgtmontreuil.fr\/index.php?rest_route=\/wp\/v2\/posts"}],"about":[{"href":"https:\/\/www.lacgtmontreuil.fr\/index.php?rest_route=\/wp\/v2\/types\/post"}],"author":[{"embeddable":true,"href":"https:\/\/www.lacgtmontreuil.fr\/index.php?rest_route=\/wp\/v2\/users\/1"}],"replies":[{"embeddable":true,"href":"https:\/\/www.lacgtmontreuil.fr\/index.php?rest_route=%2Fwp%2Fv2%2Fcomments&post=1267"}],"version-history":[{"count":1,"href":"https:\/\/www.lacgtmontreuil.fr\/index.php?rest_route=\/wp\/v2\/posts\/1267\/revisions"}],"predecessor-version":[{"id":1269,"href":"https:\/\/www.lacgtmontreuil.fr\/index.php?rest_route=\/wp\/v2\/posts\/1267\/revisions\/1269"}],"wp:attachment":[{"href":"https:\/\/www.lacgtmontreuil.fr\/index.php?rest_route=%2Fwp%2Fv2%2Fmedia&parent=1267"}],"wp:term":[{"taxonomy":"category","embeddable":true,"href":"https:\/\/www.lacgtmontreuil.fr\/index.php?rest_route=%2Fwp%2Fv2%2Fcategories&post=1267"},{"taxonomy":"post_tag","embeddable":true,"href":"https:\/\/www.lacgtmontreuil.fr\/index.php?rest_route=%2Fwp%2Fv2%2Ftags&post=1267"}],"curies":[{"name":"wp","href":"https:\/\/api.w.org\/{rel}","templated":true}]}}