{"id":1264,"date":"2018-03-03T17:35:34","date_gmt":"2018-03-03T16:35:34","guid":{"rendered":"http:\/\/www.lacgtmontreuil.fr\/?p=1264"},"modified":"2018-03-03T17:35:34","modified_gmt":"2018-03-03T16:35:34","slug":"je-tu-ul-toussaint-2016-n248","status":"publish","type":"post","link":"https:\/\/www.lacgtmontreuil.fr\/?p=1264","title":{"rendered":"Je, Tu, UL\u2026  Toussaint 2016  N\u00b0248"},"content":{"rendered":"<p><strong> Les br\u00e8ves de l\u2019UL CGT de Montreuil, 24, rue de Paris<\/strong><\/p>\n<p><img loading=\"lazy\" decoding=\"async\" width=\"109\" height=\"155\" class=\"wp-image-1265\" src=\"https:\/\/www.lacgtmontreuil.fr\/wp-content\/uploads\/2018\/03\/logo_cgt-23.jpeg\" alt=\"logo_cgt\" \/>\u00a0\u00a0 <strong>Je, Tu, UL\u2026\u00a0 Toussaint 2016\u00a0 N\u00b0248<\/strong><\/p>\n<p><em>\u00ab\u00a0S\u00e9cu\u00a0: on ne bouche pas un trou avec une saign\u00e9e\u00a0!\u00a0\u00bb<\/em><\/p>\n<p><strong>ACCUS\u00c9E SANS R\u00c9CEPTION:<\/strong> 44, boulevard Rouget de Lisle \u2013 LA POSTE aura d\u00fb suspendre son plan de r\u00e9organisation du courrier, devant la lev\u00e9e de boucliers des facteurs, refusant par exemple d\u2019\u00eatre soumis \u00e0 des logiciels calculant les tourn\u00e9es \u00e0 la minute sans prise en consid\u00e9ration de la r\u00e9alit\u00e9. Multiplication des conflits, expertises accablantes et incapacit\u00e9 des directions au dialogue, ont donc fini par avoir raison du projet d\u2019intensification du travail des m\u00e9tiers du courrier\u2026 au nom de la rentabilit\u00e9 financi\u00e8re. Etonnant, quand on sait que La Poste a re\u00e7u 300 millions au titre du CICE\u2026<\/p>\n<p><strong>BAISSE DE TENSION:<\/strong> 8, rue de Rosny \u2013 A la CCAS des industries \u00e9lectriques et gazi\u00e8res, le Minist\u00e8re de tutelle vient d\u2019annoncer une baisse des subventions de 17 millions d\u2019euros pour le pr\u00e9visionnel 2017. La CGT qui rappelle qu\u2019au-del\u00e0 des 650000 b\u00e9n\u00e9ficiaires des activit\u00e9s sociales, ce sont des milliers d\u2019emplois indirects qui sont impact\u00e9s, souligne aussi que la CCAS est en France le premier op\u00e9rateur culturel et la premi\u00e8re structure priv\u00e9e pour l\u2019accueil des r\u00e9fugi\u00e9s dispers\u00e9s apr\u00e8s Calais.<\/p>\n<p><strong>N\u00c9GOCIATIONS OU PANTALONNADE\u00a0?:<\/strong> 59, rue de la R\u00e9publique \u2013 Chez BNP PARIBAS c\u2019est la CGT qui pose la question \u00e0 propos de la n\u00e9gociation annuelle que CFDT et SNB entendent clore par leur signature ces jours-ci. Pire, la direction qui refuse de bouger sur les salaires alors que les actionnaires se goinfrent, restreint le niveau des embauches pr\u00e9vues, quand la d\u00e9gradation des conditions de travail \u00e9tait au c\u0153ur des revendications lors du d\u00e9brayage du 19 octobre. Seuls \u00ab\u00a0gestes\u00a0\u00bb propos\u00e9s\u00a0: un compl\u00e9ment d\u2019int\u00e9ressement et un abondement sur les plans d\u2019\u00e9pargne entreprise.<\/p>\n<p><strong>SECOURS SYNDICAL:<\/strong> 2, rue de l\u2019Aqueduc \u2013 La CITE MYRIAM, association affili\u00e9e au SECOURS CATHOLIQUE, s\u2019est dot\u00e9e d\u2019une repr\u00e9sentation CGT renouvel\u00e9e \u00e0 l\u2019issue de la r\u00e9union des syndiqu\u00e9-e-s tenue le jeudi 27 \u00e0 la F\u00e9d\u00e9ration de l\u2019Action Sociale. Seront ainsi d\u00e9sign\u00e9s nos camarades Krist\u00e8le POINSIGNON comme d\u00e9l\u00e9gu\u00e9e syndicale et Mohamed SEBBAGH comme repr\u00e9sentant CGT aupr\u00e8s du Comit\u00e9 d\u2019Entreprise.<\/p>\n<p><strong>ALERTE \u00c1 L\u2019AFPA :<\/strong> 3, rue Franklin \u2013 A l\u2019AFPA, c\u2019est \u00e0 l\u2019unanimit\u00e9 que les membres du CCE ont vot\u00e9 un droit d\u2019alerte particuli\u00e8rement motiv\u00e9. La CGT conclut ainsi dans son avis que le plan de refondation se solde par un \u00e9chec total. Et que rien n\u2019est mis en place pour r\u00e9pondre \u00e0 la seule v\u00e9ritable question qui se pose \u00e0 l\u2019AFPA\u00a0: le d\u00e9veloppement de son activit\u00e9.<\/p>\n<p><strong>COMPL\u00c8TEMENT BOUCH\u00c9\u00a0:<\/strong> 202, rue de Paris \u2013 La boucherie DARDIAF ayant refus\u00e9 de reconna\u00eetre en accident du travail la chute d\u2019une barre m\u00e9tallique sur sa vendeuse \u00e0 l\u2019entr\u00e9e de la chambre froide, ses arr\u00eats de travail successifs seront class\u00e9s comme \u00ab\u00a0absences non autoris\u00e9es\u00a0\u00bb. Malgr\u00e9 les protestations \u00e9crites de Souad, le licenciement suivra\u2026 pour abandon de poste\u00a0! Encore un qui avait oubli\u00e9 que les salari\u00e9-e-s des TPE ont aussi des droits, que la CGT entend \u00e0 pr\u00e9sent faire valoir devant les tribunaux\u2026<\/p>\n","protected":false},"excerpt":{"rendered":"<p>Les br\u00e8ves de l\u2019UL CGT de Montreuil, 24, rue de Paris \u00a0\u00a0 Je, Tu, UL\u2026\u00a0 Toussaint 2016\u00a0 N\u00b0248 \u00ab\u00a0S\u00e9cu\u00a0: on ne bouche pas un trou avec une saign\u00e9e\u00a0!\u00a0\u00bb ACCUS\u00c9E SANS R\u00c9CEPTION: 44, boulevard Rouget de Lisle \u2013 LA POSTE aura d\u00fb suspendre son plan de r\u00e9organisation du courrier, devant la lev\u00e9e de boucliers des facteurs, &hellip; <\/p>\n","protected":false},"author":1,"featured_media":0,"comment_status":"closed","ping_status":"open","sticky":false,"template":"","format":"standard","meta":{"footnotes":""},"categories":[2],"tags":[],"class_list":{"0":"entry","1":"post","2":"publish","3":"author-ulmontreuil","4":"post-1264","6":"format-standard","7":"category-je-tu-ul"},"_links":{"self":[{"href":"https:\/\/www.lacgtmontreuil.fr\/index.php?rest_route=\/wp\/v2\/posts\/1264","targetHints":{"allow":["GET"]}}],"collection":[{"href":"https:\/\/www.lacgtmontreuil.fr\/index.php?rest_route=\/wp\/v2\/posts"}],"about":[{"href":"https:\/\/www.lacgtmontreuil.fr\/index.php?rest_route=\/wp\/v2\/types\/post"}],"author":[{"embeddable":true,"href":"https:\/\/www.lacgtmontreuil.fr\/index.php?rest_route=\/wp\/v2\/users\/1"}],"replies":[{"embeddable":true,"href":"https:\/\/www.lacgtmontreuil.fr\/index.php?rest_route=%2Fwp%2Fv2%2Fcomments&post=1264"}],"version-history":[{"count":1,"href":"https:\/\/www.lacgtmontreuil.fr\/index.php?rest_route=\/wp\/v2\/posts\/1264\/revisions"}],"predecessor-version":[{"id":1266,"href":"https:\/\/www.lacgtmontreuil.fr\/index.php?rest_route=\/wp\/v2\/posts\/1264\/revisions\/1266"}],"wp:attachment":[{"href":"https:\/\/www.lacgtmontreuil.fr\/index.php?rest_route=%2Fwp%2Fv2%2Fmedia&parent=1264"}],"wp:term":[{"taxonomy":"category","embeddable":true,"href":"https:\/\/www.lacgtmontreuil.fr\/index.php?rest_route=%2Fwp%2Fv2%2Fcategories&post=1264"},{"taxonomy":"post_tag","embeddable":true,"href":"https:\/\/www.lacgtmontreuil.fr\/index.php?rest_route=%2Fwp%2Fv2%2Ftags&post=1264"}],"curies":[{"name":"wp","href":"https:\/\/api.w.org\/{rel}","templated":true}]}}