{"id":1261,"date":"2018-03-03T17:33:11","date_gmt":"2018-03-03T16:33:11","guid":{"rendered":"http:\/\/www.lacgtmontreuil.fr\/?p=1261"},"modified":"2018-03-03T17:33:11","modified_gmt":"2018-03-03T16:33:11","slug":"je-tu-ul-fin-octobre-2016-n247","status":"publish","type":"post","link":"https:\/\/www.lacgtmontreuil.fr\/?p=1261","title":{"rendered":"Je, Tu, UL\u2026  Fin octobre 2016  N\u00b0247"},"content":{"rendered":"<p><strong> Les br\u00e8ves de l\u2019UL CGT de Montreuil, 24, rue de Paris<\/strong><\/p>\n<p><img loading=\"lazy\" decoding=\"async\" width=\"109\" height=\"155\" class=\"wp-image-1262\" src=\"https:\/\/www.lacgtmontreuil.fr\/wp-content\/uploads\/2018\/03\/logo_cgt-22.jpeg\" alt=\"logo_cgt\" \/>\u00a0\u00a0 <strong>Je, Tu, UL\u2026\u00a0 Fin octobre 2016\u00a0 N\u00b0247<\/strong><\/p>\n<p><em>\u00ab\u00a0De TAFTA en CETA\u00a0: Wallons-nous\u00a0? Pas de CETA chez nous\u00a0!\u00a0\u00bb<\/em><\/p>\n<p><strong>STATION GRANDS P\u00caCHERS A LA UNE:<\/strong> rue du Bel-Air \u2013 La RATP vient de recevoir la d\u00e9cision du STIF quant au futur trajet du prolongement de la Ligne 1 du m\u00e9tro entre Ch\u00e2teau de Vincennes et Val de Fontenay. Montreuil aura deux dessertes\u00a0: apr\u00e8s une premi\u00e8re station aux Rigollots (sur le trajet du bus 127), le m\u00e9tro marquera un arr\u00eat au Bel-Air, comme le r\u00e9clamait la CGT, o\u00f9 la station \u00ab\u00a0Grands P\u00eachers\u00a0\u00bb sera inaugur\u00e9e\u2026 en 2024. Un premier succ\u00e8s, mais aussi une d\u00e9ception pour celles et ceux qui pensaient que le m\u00e9tro \u00e9tait un moyen de transport rapide.<\/p>\n<p><strong>TRANSFORMATION \u00c1 RISQUE\u00a0:<\/strong> 3, rue Franklin \u2013 A l\u2019AFPA, le CHSCT central avait command\u00e9 une expertise sur les risques encourus par le personnel du fait de la transformation de l\u2019association en EPIC et filiales. Selon le rapport de l\u2019expert, les risques psychosociaux sont devenus des troubles av\u00e9r\u00e9s et les informations donn\u00e9es par la direction sur ce projet sont lacunaires. La CGT a donc rendu un avis d\u00e9favorable au dit projet, \u00e0 l\u2019occasion de la r\u00e9union du CHSCT du 18 octobre.<\/p>\n<p><strong>CITRO\u00cbN RETAILLE L\u2019EMPLOI :<\/strong> 224, boulevard Aristide Briand \u2013 CITROEN RETAIL convoquait les \u00e9lus du Comit\u00e9 d\u2019Entreprise ce 20 octobre sur le projet de fusion des concessionnaires avec PSA. L\u2019annonce aura en r\u00e9alit\u00e9 port\u00e9 sur la fermeture au 31 d\u00e9cembre de l\u2019\u00e9tablissement de Montreuil, pourtant le plus rentable du groupement Paris-Est. La section CGT exige d\u2019ores et d\u00e9j\u00e0 des solutions de reclassement n\u00e9goci\u00e9es pour les 54 salari\u00e9s du garage montreuillois.<\/p>\n<p><strong>CLASS ACTION :<\/strong> 9 avenue de la R\u00e9sistance, avenue de la R\u00e9sistance \u2013 Chez FABANGE, \u00e0 l\u2019enseigne CLASS\u2019CROUTE, les \u00e9lections d\u2019avril dernier s\u2019\u00e9taient d\u00e9roul\u00e9es sans liste syndicale. Un manque regrett\u00e9 aujourd\u2019hui\u00a0: \u00e9lu \u00ab\u00a0sans \u00e9tiquette\u00a0\u00bb \u00e0 l\u2019\u00e9poque, Boubacar TRAORE vient de prendre l\u2019initiative de cr\u00e9er une section CGT et sera donc d\u00e9sign\u00e9 repr\u00e9sentant de la section syndicale. Lundi, l\u2019entreprise conna\u00eetra sa premi\u00e8re heure d\u2019information syndicale en vue de la prochaine r\u00e9union DP.<\/p>\n<p><strong>DES HEURES ET DES HEURTS\u00a0:<\/strong> 28, boulevard Paul Vaillant-Couturier \u2013 La POLICE manifeste et la CGT-Police appelle \u00e0 participer \u00e0 des manifestations o\u00f9 les policiers de terrain d\u00e9noncent les heures suppl\u00e9mentaires (jusqu\u2019\u00e0 400 heures par mois) et r\u00e9clame la d\u00e9mission de Monsieur CAZENEUVE contre qui plusieurs plaintes sont d\u00e9pos\u00e9es pour sa gestion du minist\u00e8re mettant en danger la vie des policiers et de la population. La CGT confirme aussi la complicit\u00e9 des syndicats corporatistes et corrompus avec les gouvernements successifs.<\/p>\n","protected":false},"excerpt":{"rendered":"<p>Les br\u00e8ves de l\u2019UL CGT de Montreuil, 24, rue de Paris \u00a0\u00a0 Je, Tu, UL\u2026\u00a0 Fin octobre 2016\u00a0 N\u00b0247 \u00ab\u00a0De TAFTA en CETA\u00a0: Wallons-nous\u00a0? Pas de CETA chez nous\u00a0!\u00a0\u00bb STATION GRANDS P\u00caCHERS A LA UNE: rue du Bel-Air \u2013 La RATP vient de recevoir la d\u00e9cision du STIF quant au futur trajet du prolongement de &hellip; <\/p>\n","protected":false},"author":1,"featured_media":0,"comment_status":"closed","ping_status":"open","sticky":false,"template":"","format":"standard","meta":{"footnotes":""},"categories":[2],"tags":[],"class_list":{"0":"entry","1":"post","2":"publish","3":"author-ulmontreuil","4":"post-1261","6":"format-standard","7":"category-je-tu-ul"},"_links":{"self":[{"href":"https:\/\/www.lacgtmontreuil.fr\/index.php?rest_route=\/wp\/v2\/posts\/1261","targetHints":{"allow":["GET"]}}],"collection":[{"href":"https:\/\/www.lacgtmontreuil.fr\/index.php?rest_route=\/wp\/v2\/posts"}],"about":[{"href":"https:\/\/www.lacgtmontreuil.fr\/index.php?rest_route=\/wp\/v2\/types\/post"}],"author":[{"embeddable":true,"href":"https:\/\/www.lacgtmontreuil.fr\/index.php?rest_route=\/wp\/v2\/users\/1"}],"replies":[{"embeddable":true,"href":"https:\/\/www.lacgtmontreuil.fr\/index.php?rest_route=%2Fwp%2Fv2%2Fcomments&post=1261"}],"version-history":[{"count":1,"href":"https:\/\/www.lacgtmontreuil.fr\/index.php?rest_route=\/wp\/v2\/posts\/1261\/revisions"}],"predecessor-version":[{"id":1263,"href":"https:\/\/www.lacgtmontreuil.fr\/index.php?rest_route=\/wp\/v2\/posts\/1261\/revisions\/1263"}],"wp:attachment":[{"href":"https:\/\/www.lacgtmontreuil.fr\/index.php?rest_route=%2Fwp%2Fv2%2Fmedia&parent=1261"}],"wp:term":[{"taxonomy":"category","embeddable":true,"href":"https:\/\/www.lacgtmontreuil.fr\/index.php?rest_route=%2Fwp%2Fv2%2Fcategories&post=1261"},{"taxonomy":"post_tag","embeddable":true,"href":"https:\/\/www.lacgtmontreuil.fr\/index.php?rest_route=%2Fwp%2Fv2%2Ftags&post=1261"}],"curies":[{"name":"wp","href":"https:\/\/api.w.org\/{rel}","templated":true}]}}