{"id":1208,"date":"2018-03-01T16:59:51","date_gmt":"2018-03-01T15:59:51","guid":{"rendered":"http:\/\/www.lacgtmontreuil.fr\/?p=1208"},"modified":"2018-03-01T16:59:51","modified_gmt":"2018-03-01T15:59:51","slug":"je-tu-ul-debut-avril-2016-n-231","status":"publish","type":"post","link":"https:\/\/www.lacgtmontreuil.fr\/?p=1208","title":{"rendered":"Je, Tu, UL\u2026  D\u00e9but Avril 2016  N\u00b0 231"},"content":{"rendered":"<p><strong> Les br\u00e8ves de l\u2019UL CGT de Montreuil, 24, rue de Paris<\/strong><\/p>\n<p><img loading=\"lazy\" decoding=\"async\" width=\"109\" height=\"155\" class=\"wp-image-1209\" src=\"https:\/\/www.lacgtmontreuil.fr\/wp-content\/uploads\/2018\/03\/logo_cgt-5.jpeg\" alt=\"logo_cgt\" \/>\u00a0\u00a0 <strong>Je, Tu, UL\u2026\u00a0 D\u00e9but Avril 2016\u00a0 N\u00b0 231<\/strong><\/p>\n<p><em>\u00ab\u00a0Pr\u00e9carit\u00e9\u00a0: non \u00e0 la perp\u00e9tuit\u00e9 r\u00e9elle\u00a0!\u00a0\u00bb<\/em><\/p>\n<p><strong>RETRAIT RASSEMBLEUR :<\/strong> 24, rue de Paris \u2013 L\u2019UL-CGT de Montreuil recensait, ce 31 mars au soir, 74 entreprises ou administrations dans lesquels les appels syndicaux \u00e0 la gr\u00e8ve pour le retrait de la Loi travail avaient mobilis\u00e9 les salari\u00e9-e-s montreuillois-e-s. Sans oublier, bien s\u00fbr, les retrait\u00e9s, les jeunes, les ch\u00f4meurs et pr\u00e9caires, tr\u00e8s nombreux malgr\u00e9 la m\u00e9t\u00e9o\u00a0! Aux c\u00f4t\u00e9s de la CGT, FO \u00e9tait dans l\u2019action sur 7 entreprises, Solidaires sur 4, la FSU, l\u2019UNSA et la CNT sur 2. Avec un mot d\u2019ordre unitaire\u00a0: le 32, on continue\u2026<\/p>\n<p><strong>L\u2019APAJH SE MET \u00c1 LA PAGE\u00a0:<\/strong> 19, rue des Bons Plants \u2013 L\u2019association APAJH qui g\u00e8re \u00e0 Montreuil le Foyer d\u2019Accueil M\u00e9dicalis\u00e9 et \u00e0 Rosny un ESAT, rechignait \u00e0 mettre en place un Comit\u00e9 d\u2019Entreprise, avec une repr\u00e9sentativit\u00e9 de 100% sur les 2 \u00e9tablissements pour la CGT. Le 1<sup>er<\/sup> avril, cette mise en place est enfin act\u00e9e par protocole avec des \u00e9lections programm\u00e9es pour mai 2016. Une victoire qui aura n\u00e9anmoins n\u00e9cessit\u00e9 l\u2019intervention de l\u2019Inspection du Travail.<\/p>\n<p><strong>AIDE AU LICENCIEMENT :<\/strong> 14, rue de la R\u00e9publique \u2013 La soci\u00e9t\u00e9 ALTERNATIVE SERVICE combinait depuis de nombreuses ann\u00e9es aide \u00e0 la personne, extr\u00eame pr\u00e9carit\u00e9 pour le personnel et subventions de la CAF, sur fond de gestion erratique. En r\u00e9ponse \u00e0 une demande d\u2019\u00e9lections de d\u00e9l\u00e9gu\u00e9s du personnel, la g\u00e9rante a pr\u00e9f\u00e9r\u00e9 d\u00e9poser le bilan. D\u00e9sign\u00e9 le 22 mars par le Tribunal de Commerce, le mandataire liquidateur a aussit\u00f4t engag\u00e9 une vingtaine de proc\u00e9dures de licenciement, soit la totalit\u00e9 des salari\u00e9es, qui ont d\u00e9cid\u00e9 de se faire assister par la CGT dans cette \u00e9preuve.<\/p>\n<p><strong>TRAITEMENT SP\u00c9CIAL\u00a0:<\/strong> 240, rue de Rosny \u2013 Chez ICSB, entreprise de traitement de ch\u00e8ques, la mise au placard de la d\u00e9l\u00e9gu\u00e9e syndicale, notre camarade Sylvia VOLTURO, vire \u00e0 la mise au couloir\u00a0! Apr\u00e8s que la direction lui ait supprim\u00e9 son travail RH (incompatible avec son mandat\u00a0!) puis la facturation, c\u2019est son bureau qui lui est retir\u00e9 pour un poste au comptoir d\u2019accueil o\u00f9 elle est cens\u00e9e \u00e9tablir les payes de la soci\u00e9t\u00e9 voisine. L\u2019Inspection du Travail ainsi que la direction du groupe ont \u00e9t\u00e9 saisies pour ces atteintes inadmissibles.<\/p>\n<p><strong>LES RETRAIT\u00c9S PRENNENT DES FORCES\u00a0: <\/strong>8, rue Edouard Vaillant \u2013 C\u2019est \u00e0 une cinquantaine que les retrait\u00e9s CGT se sont retrouv\u00e9s \u00e0 l\u2019initiative de leur syndicat, pour un repas fraternel le samedi 2 avril. Moment convivial de retrouvailles avec l\u2019exigence de ne jamais rester isol\u00e9s, ce repas annuel est toujours le point d\u2019appui pour les mobilisations des retrait\u00e9s sur leurs revendications comme en lien avec les actifs\u2026 par exemple contre la Loi Travail.<\/p>\n","protected":false},"excerpt":{"rendered":"<p>Les br\u00e8ves de l\u2019UL CGT de Montreuil, 24, rue de Paris \u00a0\u00a0 Je, Tu, UL\u2026\u00a0 D\u00e9but Avril 2016\u00a0 N\u00b0 231 \u00ab\u00a0Pr\u00e9carit\u00e9\u00a0: non \u00e0 la perp\u00e9tuit\u00e9 r\u00e9elle\u00a0!\u00a0\u00bb RETRAIT RASSEMBLEUR : 24, rue de Paris \u2013 L\u2019UL-CGT de Montreuil recensait, ce 31 mars au soir, 74 entreprises ou administrations dans lesquels les appels syndicaux \u00e0 la gr\u00e8ve &hellip; <\/p>\n","protected":false},"author":1,"featured_media":0,"comment_status":"closed","ping_status":"open","sticky":false,"template":"","format":"standard","meta":{"footnotes":""},"categories":[2],"tags":[],"class_list":{"0":"entry","1":"post","2":"publish","3":"author-ulmontreuil","4":"post-1208","6":"format-standard","7":"category-je-tu-ul"},"_links":{"self":[{"href":"https:\/\/www.lacgtmontreuil.fr\/index.php?rest_route=\/wp\/v2\/posts\/1208","targetHints":{"allow":["GET"]}}],"collection":[{"href":"https:\/\/www.lacgtmontreuil.fr\/index.php?rest_route=\/wp\/v2\/posts"}],"about":[{"href":"https:\/\/www.lacgtmontreuil.fr\/index.php?rest_route=\/wp\/v2\/types\/post"}],"author":[{"embeddable":true,"href":"https:\/\/www.lacgtmontreuil.fr\/index.php?rest_route=\/wp\/v2\/users\/1"}],"replies":[{"embeddable":true,"href":"https:\/\/www.lacgtmontreuil.fr\/index.php?rest_route=%2Fwp%2Fv2%2Fcomments&post=1208"}],"version-history":[{"count":1,"href":"https:\/\/www.lacgtmontreuil.fr\/index.php?rest_route=\/wp\/v2\/posts\/1208\/revisions"}],"predecessor-version":[{"id":1210,"href":"https:\/\/www.lacgtmontreuil.fr\/index.php?rest_route=\/wp\/v2\/posts\/1208\/revisions\/1210"}],"wp:attachment":[{"href":"https:\/\/www.lacgtmontreuil.fr\/index.php?rest_route=%2Fwp%2Fv2%2Fmedia&parent=1208"}],"wp:term":[{"taxonomy":"category","embeddable":true,"href":"https:\/\/www.lacgtmontreuil.fr\/index.php?rest_route=%2Fwp%2Fv2%2Fcategories&post=1208"},{"taxonomy":"post_tag","embeddable":true,"href":"https:\/\/www.lacgtmontreuil.fr\/index.php?rest_route=%2Fwp%2Fv2%2Ftags&post=1208"}],"curies":[{"name":"wp","href":"https:\/\/api.w.org\/{rel}","templated":true}]}}