{"id":1205,"date":"2018-03-01T16:54:01","date_gmt":"2018-03-01T15:54:01","guid":{"rendered":"http:\/\/www.lacgtmontreuil.fr\/?p=1205"},"modified":"2018-03-01T16:54:01","modified_gmt":"2018-03-01T15:54:01","slug":"je-tu-ul-fin-mars-2016-n-230","status":"publish","type":"post","link":"https:\/\/www.lacgtmontreuil.fr\/?p=1205","title":{"rendered":"Je, Tu, UL\u2026  Fin Mars 2016  N\u00b0 230"},"content":{"rendered":"<p><strong> Les br\u00e8ves de l\u2019UL CGT de Montreuil, 24, rue de Paris<\/strong><\/p>\n<p><img loading=\"lazy\" decoding=\"async\" width=\"109\" height=\"155\" class=\"wp-image-1206\" src=\"https:\/\/www.lacgtmontreuil.fr\/wp-content\/uploads\/2018\/03\/logo_cgt-4.jpeg\" alt=\"logo_cgt\" \/>\u00a0\u00a0 <strong>Je, Tu, UL\u2026\u00a0 Fin Mars 2016\u00a0 N\u00b0 230<\/strong><\/p>\n<p><em>\u00ab\u00a0Le patronat au RSA, la bourgeoisie au RMI\u00a0!\u00a0\u00bb<\/em><\/p>\n<p><strong>FONCTIONNAIRES EN COL\u00c8RE :<\/strong> place Jean Jaur\u00e8s \u2013 En MAIRIE, les territoriaux ne d\u00e9col\u00e8rent pas contre la cure d\u2019aust\u00e9rit\u00e9 que conna\u00eet le service public \u00e0 Montreuil. Mercredi 23 mars, c\u2019est donc par la gr\u00e8ve que le personnel a r\u00e9pondu \u00e0 l\u2019appel de l\u2019intersyndicale CGT, FSU, FO, CNT, avant de d\u00e9filer \u00e0 400 dans le centre-ville. Des revendications qui ont aussi \u00e9t\u00e9 port\u00e9es le soir m\u00eame par notre camarade Nathalie BEHROUN \u00e0 l\u2019occasion du meeting unitaire contre la loi Travail, dans une salle des f\u00eates pleine \u00e0 craquer.<\/p>\n<p><strong>1% POUR LES 99%\u00a0:<\/strong> 284, rue de Rosny \u2013 Chez LIDL, c\u2019est le 24 mars qui \u00e9tait jour de gr\u00e8ve. Les syndicats CGT et UNSA ont donc bloqu\u00e9 totalement le magasin de Montreuil pour exiger 1% sur les salaires quand \u00ab\u00a0l\u2019effort\u00a0\u00bb de LIDL, qui a empoch\u00e9 30 millions de CICE, se r\u00e9sume pour 2016 \u00e0 une proposition de +0,2% pour les bas salaires et de +1,2% pour le haut encadrement. Discrimination positive ou n\u00e9gative\u00a0? D\u00e9cid\u00e9ment, la cha\u00eene allemande tient \u00e0 son record du nombre de salari\u00e9-e-s pay\u00e9s en dessous du seuil de pauvret\u00e9\u00a0!<\/p>\n<p><strong>LA GR\u00c8VE C\u2019EST LA SANT\u00c9 :<\/strong> 56, boulevard de la Boissi\u00e8re \u2013 A l\u2019HOPITAL ANDRE GREGOIRE, la CGT s\u2019\u00e9tonne du mode de d\u00e9compte des gr\u00e9vistes par la direction. Ainsi, le 9 mars, avec un seul bloc en fonctionnement, celle-ci ne recensait que 5 gr\u00e9vistes, soit moins que de services touch\u00e9s par le mouvement\u00a0! Quant \u00e0 la gr\u00e8ve du 22 mars des infirmi\u00e8res-anesth\u00e9sistes d\u2019Etat, c\u2019est silence radio. Que dira donc la direction le 31\u00a0? Que quand on n\u2019aime pas, on ne compte plus\u00a0?<\/p>\n<p><strong>ALERTE VALID\u00c9E\u00a0:<\/strong> 2, rue de l\u2019Aqueduc \u2013 La CITE MYRIAM tardant \u00e0 enqu\u00eater sur les atteintes dont \u00e9tait victime une animatrice socio-\u00e9ducative, notre camarade Krist\u00e8le POINSIGNON avait, en sa qualit\u00e9 de d\u00e9l\u00e9gu\u00e9e du personnel, fait usage de son droit d\u2019alerte. L\u2019inertie de l\u2019employeur la conduira \u00e0 saisir le Conseil de Prud\u2019hommes qui, le 25 mars, vient de rendre son verdict\u00a0: l\u2019Association des Cit\u00e9s du Secours Catholique, gestionnaire de la Cit\u00e9 Myriam, est condamn\u00e9e \u00e0 lui verser 200 euros et le bien fond\u00e9 de l\u2019alerte est reconnu par les juges.<\/p>\n<p><strong>SUPER-BANCO : <\/strong>59, rue de la R\u00e9publique \u2013 BNP PARIBAS vient de publier son rapport financier 2015, singuli\u00e8rement \u00e9loquent sur la r\u00e9partition des richesses produites. Avec une augmentation d\u2019un milliards d\u2019euros pour les dividendes et de 37% pour les dirigeants de la banque, quand l\u2019augmentation collective pour le personnel est de 0%, et de -17% pour les augmentations individuelles. Qui dit\u00a0: \u00ab\u00a0on vaut mieux que \u00e7a\u00a0\u00bb\u00a0?<\/p>\n<p><strong>DANS LES BRANCARDS\u00a0:<\/strong> 4, rue des Groseillers \u2013 Les AMBULANCES LILAS VALERIE JMS avait refus\u00e9 tout reclassement \u00e0 notre camarade S\u00e9bastien TORRECILLAS suite \u00e0 une inaptitude et l\u2019avait licenci\u00e9\u2026 abusivement selon les prud\u2019hommes. D\u2019o\u00f9 leur condamnation \u00e0 r\u00e9gler 26000 euros pour solde de tout compte\u00a0: une peine plancher, que le bar\u00e8me bas de plafond port\u00e9 par la loi El-Khomri pourrait supprimer\u2026 si elle \u00e9tait vot\u00e9e<\/p>\n","protected":false},"excerpt":{"rendered":"<p>Les br\u00e8ves de l\u2019UL CGT de Montreuil, 24, rue de Paris \u00a0\u00a0 Je, Tu, UL\u2026\u00a0 Fin Mars 2016\u00a0 N\u00b0 230 \u00ab\u00a0Le patronat au RSA, la bourgeoisie au RMI\u00a0!\u00a0\u00bb FONCTIONNAIRES EN COL\u00c8RE : place Jean Jaur\u00e8s \u2013 En MAIRIE, les territoriaux ne d\u00e9col\u00e8rent pas contre la cure d\u2019aust\u00e9rit\u00e9 que conna\u00eet le service public \u00e0 Montreuil. Mercredi &hellip; <\/p>\n","protected":false},"author":1,"featured_media":0,"comment_status":"closed","ping_status":"open","sticky":false,"template":"","format":"standard","meta":{"footnotes":""},"categories":[2],"tags":[],"class_list":{"0":"entry","1":"post","2":"publish","3":"author-ulmontreuil","4":"post-1205","6":"format-standard","7":"category-je-tu-ul"},"_links":{"self":[{"href":"https:\/\/www.lacgtmontreuil.fr\/index.php?rest_route=\/wp\/v2\/posts\/1205","targetHints":{"allow":["GET"]}}],"collection":[{"href":"https:\/\/www.lacgtmontreuil.fr\/index.php?rest_route=\/wp\/v2\/posts"}],"about":[{"href":"https:\/\/www.lacgtmontreuil.fr\/index.php?rest_route=\/wp\/v2\/types\/post"}],"author":[{"embeddable":true,"href":"https:\/\/www.lacgtmontreuil.fr\/index.php?rest_route=\/wp\/v2\/users\/1"}],"replies":[{"embeddable":true,"href":"https:\/\/www.lacgtmontreuil.fr\/index.php?rest_route=%2Fwp%2Fv2%2Fcomments&post=1205"}],"version-history":[{"count":1,"href":"https:\/\/www.lacgtmontreuil.fr\/index.php?rest_route=\/wp\/v2\/posts\/1205\/revisions"}],"predecessor-version":[{"id":1207,"href":"https:\/\/www.lacgtmontreuil.fr\/index.php?rest_route=\/wp\/v2\/posts\/1205\/revisions\/1207"}],"wp:attachment":[{"href":"https:\/\/www.lacgtmontreuil.fr\/index.php?rest_route=%2Fwp%2Fv2%2Fmedia&parent=1205"}],"wp:term":[{"taxonomy":"category","embeddable":true,"href":"https:\/\/www.lacgtmontreuil.fr\/index.php?rest_route=%2Fwp%2Fv2%2Fcategories&post=1205"},{"taxonomy":"post_tag","embeddable":true,"href":"https:\/\/www.lacgtmontreuil.fr\/index.php?rest_route=%2Fwp%2Fv2%2Ftags&post=1205"}],"curies":[{"name":"wp","href":"https:\/\/api.w.org\/{rel}","templated":true}]}}