{"id":1202,"date":"2018-03-01T16:51:35","date_gmt":"2018-03-01T15:51:35","guid":{"rendered":"http:\/\/www.lacgtmontreuil.fr\/?p=1202"},"modified":"2018-03-01T16:51:35","modified_gmt":"2018-03-01T15:51:35","slug":"je-tu-ul-mi-mars-2016-n-229","status":"publish","type":"post","link":"https:\/\/www.lacgtmontreuil.fr\/?p=1202","title":{"rendered":"Je, Tu, UL\u2026  Mi-Mars 2016  N\u00b0 229"},"content":{"rendered":"<p><strong> Les br\u00e8ves de l\u2019UL CGT de Montreuil, 24, rue de Paris<\/strong><\/p>\n<p><img loading=\"lazy\" decoding=\"async\" width=\"109\" height=\"155\" class=\"wp-image-1203\" src=\"https:\/\/www.lacgtmontreuil.fr\/wp-content\/uploads\/2018\/03\/logo_cgt-3.jpeg\" alt=\"logo_cgt\" \/>\u00a0\u00a0 <strong>Je, Tu, UL\u2026\u00a0 Mi-Mars 2016\u00a0 N\u00b0 2<\/strong><\/p>\n<p><em>\u00ab\u00a0Alerte enl\u00e8vement\u00a0: rendez-nous le droit du travail\u00a0!\u00a0\u00bb<\/em><\/p>\n<p><strong>QUART D\u2019HEURE SYNDICAL :<\/strong> 21-29, rue Jean-Jacques Rousseau \u2013 A l\u2019URSSAF, le droit syndical est chronom\u00e9tr\u00e9. C\u2019est ainsi que la direction vient d\u2019adresser un courrier aux syndicats CGT et UGICT-CGT mena\u00e7ant de d\u00e9noncer les accords au motif de prises de paroles qui auraient dur\u00e9 45 mn au lieu des 15 pr\u00e9vues. Peut-\u00eatre le personnel avait-il des choses \u00e0 dire dans la p\u00e9riode\u00a0? R\u00e9ponse sur le site <a href=\"http:\/\/www.cgturssafidf.reference-syndicale.fr\">cgturssafidf.reference-syndicale.fr<\/a>\u00a0: \u00ab\u00a0apr\u00e8s le 9 mars, les 17, 24 et 31 mars, on continue\u00a0!\u00a0\u00bb.<\/p>\n<p><strong>MARRE AUSSI EN MAIRIE\u00a0:<\/strong> 1, place Jean Jaur\u00e8s \u2013 Chez les TERRITORIAUX, ce sont les 4 syndicats qui r\u00e9agissent \u00e0 la traduction municipale du Pacte de Responsabilit\u00e9. Exigeant le maintien des cong\u00e9s pr\u00e9-retraite, de la subvention du COS et de la prime d\u2019installation, la fin de la pr\u00e9carit\u00e9 dans les services, ils appellent les agents \u00e0 la gr\u00e8ve pour le 23 mars pour manifester dans Montreuil.<\/p>\n<p><strong>LICENCIEMENT MAL MA\u00ceTRIS\u00c9 :<\/strong> 12, boulevard Rouget de Lisle \u2013 MAITRISER VOTRE ENERGIE (MVE) avait brutalement licenci\u00e9 notre camarade Elo\u00efse BRESSON en juillet 2013, au motif pris de sa \u00ab\u00a0d\u00e9sinvolture\u00a0\u00bb pr\u00e9sum\u00e9e. Aussit\u00f4t saisi, le Conseil de Prud\u2019hommes de Bobigny a rendu son verdict ce 17 mars\u00a0: l\u2019agence locale de l\u2019\u00e9nergie est condamn\u00e9e \u00e0 verser 5000 euros \u00e0 notre camarade pour le caract\u00e8re abusif du licenciement. Comme quoi, l\u2019\u00e9nergie syndicale est souvent bien employ\u00e9e\u00a0!<\/p>\n<p><strong>DOUANI\u00c8RES BIONIQUES\u00a0:<\/strong> 11, rue des Deux Communes \u2013 La DIRECTION GENERALE DES DOUANES avait pass\u00e9 commande, suite aux attentats de 2015, de gilets pare-balles\u2026 masculins, nonobstant la mixit\u00e9 des personnels de surveillance. Interpel\u00e9e par le SNAD-CGT sur la s\u00e9curit\u00e9 du personnel f\u00e9minin, la Direction feint d\u2019abord de d\u00e9couvrir les particularismes anatomiques\u2026 puis explique qu\u2019elles peuvent se faire accompagner par des coll\u00e8gues masculins. Observation de la CGT\u00a0: en 7 secondes \u00e0 la Douane, on recule de 50 ans dans le combat pour l\u2019\u00e9galit\u00e9, surtout quand sont finalement livr\u00e9s des gilets inutilisables\u00a0!<\/p>\n<p><strong>LA CGT DOMICILI\u00c9E : <\/strong>86, rue Voltaire \u2013 Chez SOFRADOM, soci\u00e9t\u00e9 de domiciliation d\u2019entreprises, les 40 salari\u00e9s pourront bient\u00f4t \u00e9lire leurs d\u00e9l\u00e9gu\u00e9-e-s du personnel. Signataire du premier protocole pr\u00e9-\u00e9lectoral, la CGT y pr\u00e9sente d\u00e9j\u00e0 la candidature de Marie-France PUILLANDRE afin de permettre aux employ\u00e9es dispers\u00e9es sur des dizaines de sites de tisser enfin un lien syndical.<\/p>\n<p><strong>LA GRANDE PERTE\u00a0:<\/strong> 280, rue de Paris \u2013 A la GRANDE PORTE, l\u2019inqui\u00e9tude gagne quant \u00e0 l\u2019avenir des enseignes de restauration qui avaient d\u00e9j\u00e0 connu la fermeture du SUBWAY il y a un an et qui observent que la boulangerie PAUL quitte le centre ce week-end. Aujourd\u2019hui, les syndiqu\u00e9-e-s CGT de la pizzeria ANDIAMO, de VENG HOUR et du B\u0152UF A SIX PATTES annoncent que leurs \u00e9tablissements sont \u00e0 vendre, sans repreneurs connus.<\/p>\n","protected":false},"excerpt":{"rendered":"<p>Les br\u00e8ves de l\u2019UL CGT de Montreuil, 24, rue de Paris \u00a0\u00a0 Je, Tu, UL\u2026\u00a0 Mi-Mars 2016\u00a0 N\u00b0 2 \u00ab\u00a0Alerte enl\u00e8vement\u00a0: rendez-nous le droit du travail\u00a0!\u00a0\u00bb QUART D\u2019HEURE SYNDICAL : 21-29, rue Jean-Jacques Rousseau \u2013 A l\u2019URSSAF, le droit syndical est chronom\u00e9tr\u00e9. C\u2019est ainsi que la direction vient d\u2019adresser un courrier aux syndicats CGT et &hellip; <\/p>\n","protected":false},"author":1,"featured_media":0,"comment_status":"closed","ping_status":"open","sticky":false,"template":"","format":"standard","meta":{"footnotes":""},"categories":[2],"tags":[],"class_list":{"0":"entry","1":"post","2":"publish","3":"author-ulmontreuil","4":"post-1202","6":"format-standard","7":"category-je-tu-ul"},"_links":{"self":[{"href":"https:\/\/www.lacgtmontreuil.fr\/index.php?rest_route=\/wp\/v2\/posts\/1202","targetHints":{"allow":["GET"]}}],"collection":[{"href":"https:\/\/www.lacgtmontreuil.fr\/index.php?rest_route=\/wp\/v2\/posts"}],"about":[{"href":"https:\/\/www.lacgtmontreuil.fr\/index.php?rest_route=\/wp\/v2\/types\/post"}],"author":[{"embeddable":true,"href":"https:\/\/www.lacgtmontreuil.fr\/index.php?rest_route=\/wp\/v2\/users\/1"}],"replies":[{"embeddable":true,"href":"https:\/\/www.lacgtmontreuil.fr\/index.php?rest_route=%2Fwp%2Fv2%2Fcomments&post=1202"}],"version-history":[{"count":1,"href":"https:\/\/www.lacgtmontreuil.fr\/index.php?rest_route=\/wp\/v2\/posts\/1202\/revisions"}],"predecessor-version":[{"id":1204,"href":"https:\/\/www.lacgtmontreuil.fr\/index.php?rest_route=\/wp\/v2\/posts\/1202\/revisions\/1204"}],"wp:attachment":[{"href":"https:\/\/www.lacgtmontreuil.fr\/index.php?rest_route=%2Fwp%2Fv2%2Fmedia&parent=1202"}],"wp:term":[{"taxonomy":"category","embeddable":true,"href":"https:\/\/www.lacgtmontreuil.fr\/index.php?rest_route=%2Fwp%2Fv2%2Fcategories&post=1202"},{"taxonomy":"post_tag","embeddable":true,"href":"https:\/\/www.lacgtmontreuil.fr\/index.php?rest_route=%2Fwp%2Fv2%2Ftags&post=1202"}],"curies":[{"name":"wp","href":"https:\/\/api.w.org\/{rel}","templated":true}]}}