{"id":1199,"date":"2018-03-01T16:49:05","date_gmt":"2018-03-01T15:49:05","guid":{"rendered":"http:\/\/www.lacgtmontreuil.fr\/?p=1199"},"modified":"2018-03-01T16:49:05","modified_gmt":"2018-03-01T15:49:05","slug":"je-tu-ul-mi-mars-2016-n-228","status":"publish","type":"post","link":"https:\/\/www.lacgtmontreuil.fr\/?p=1199","title":{"rendered":"Je, Tu, UL\u2026  Mi-Mars 2016  N\u00b0 228"},"content":{"rendered":"<p><strong> Les br\u00e8ves de l\u2019UL CGT de Montreuil, 24, rue de Paris<\/strong><\/p>\n<p><img loading=\"lazy\" decoding=\"async\" width=\"109\" height=\"155\" class=\"wp-image-1200\" src=\"https:\/\/www.lacgtmontreuil.fr\/wp-content\/uploads\/2018\/03\/logo_cgt-2.jpeg\" alt=\"logo_cgt\" \/>\u00a0\u00a0 <strong>Je, Tu, UL\u2026\u00a0 Mi-Mars 2016\u00a0 N\u00b0 228<\/strong><\/p>\n<p><em>\u00ab\u00a0Vous pensiez vraiment qu\u2019on allait rester sur twitter\u00a0?\u00a0\u00bb<\/em><\/p>\n<p><strong>COTTON CONTENT\u00c9:<\/strong> 58, avenue Faidherbe \u2013 Le LYCEE EUGENIE COTTON \u00e9tait en gr\u00e8ve le 8 mars\u2026 avec un jour d\u2019 avance, mais avec un taux de gr\u00e9vistes parmi les enseignants mobilis\u00e9s \u00e0 l\u2019appel de la CGT Educ\u2019Action, contre des effectifs de 30 \u00e9l\u00e8ves par classe dans certaines fili\u00e8res. Re\u00e7us au rectorat, c\u2019est forts d\u2019un succ\u00e8s qu\u2019ils en ressortent avec l\u2019engagement que le seuil de 24 \u00e9l\u00e8ves sera r\u00e9tabli.<\/p>\n<p><strong>ANOTHER BRICK IN THE WALL\u00a0:<\/strong> 33, rue du Progr\u00e8s \u2013 THE WALL, petite soci\u00e9t\u00e9 de gestion d\u2019installations sportives, vient de conna\u00eetre sa premi\u00e8re gr\u00e8ve, le 9 mars. Les 2 salari\u00e9s se sont affich\u00e9s comme gr\u00e9vistes contre la loi travail dans cette entreprise qui ne compte ni syndiqu\u00e9s, ni repr\u00e9sentants du personnel. D\u00e9monstration, s\u2019il en \u00e9tait besoin, de l\u2019ampleur du rejet de ce projet de loi, y compris dans les TPE (Tr\u00e8s Petites Entreprises) qui voteront en novembre prochain pour \u00e9lire leurs repr\u00e9sentants syndicaux sur l\u2019\u00cele de France. Et comme une illustration de ce que, avec sa loi, El Khomri court droit dans le mur\u00a0!<\/p>\n<p><strong>HOST\u00c9RIT\u00c9 :<\/strong> 56, boulevard de la Boissi\u00e8re \u2013 L\u2019HOPITAL ANDRE GREGOIRE refuse les mariages arrang\u00e9s par Marisol Touraine. Cette semaine, ce sont les syndicats CGT de 4 h\u00f4pitaux \u2013 Robert Ballanger d\u2019Aulnay, Ville-Evrard, Montfermeil et le CHI de Montreuil \u2013 qui se sont exprim\u00e9s pour dire \u00ab\u00a0mille fois non au Groupement Hospitalier de Territoire\u00a0\u00bb que l\u2019ARS voudrait imposer. Un GHT synonyme de restructurations, suppressions d\u2019activit\u00e9s, d\u00e9pe\u00e7ages de services et mobilit\u00e9s contraintes, tant pour les usagers que pour les personnels de sant\u00e9.<\/p>\n<p><strong>PR\u00c9CARIT\u00c9, NON MERCI\u00a0!\u00a0:<\/strong> Place Jean Jaur\u00e8s \u2013 Devant la MAIRIE, ce 11 mars, c\u2019est un rassemblement intersyndical d\u2019une cinquantaine d\u2019agents qui a accompagn\u00e9 la d\u00e9l\u00e9gation porteuse des 450 p\u00e9titions recueillies aupr\u00e8s des territoriaux de Montreuil pour un plan de titularisation pluriannuel et la r\u00e9sorption de la pr\u00e9carit\u00e9 parmi le personnel de la ville. Un nouveau rendez-vous avec les syndicats CGT, FSU et FO a \u00e9t\u00e9 prise pour que les titularisables cessent d\u2019\u00eatre une variable d\u2019ajustement budg\u00e9taire.<\/p>\n<p><strong>CHEZ LES METALLOS : <\/strong>34, rue des Messiers \u2013 La SNEM votait le 10 mars pour renouveler sa d\u00e9l\u00e9gation du personnel. Avec une repr\u00e9sentativit\u00e9 \u00e9tablie \u00e0 100%, les candidats CGT Richard BOTHE et Daniel STANESCU sont tous les deux \u00e9lus ou r\u00e9\u00e9lus.<\/p>\n<p><strong>FIN DE LA CAFETERIA\u00a0:<\/strong> 19, avenue de la R\u00e9sistance \u2013 MONOPRIX supprime ses caf\u00e9t\u00e9rias, dont celle de Montreuil qui doit fermer le 19 de ce mois. Avec une bataille pour le reclassement en interne des 9 salari\u00e9es qu\u2019engage, avec de premiers r\u00e9sultats, notre camarade Esther WINSTON, d\u00e9l\u00e9gu\u00e9e syndicale CGT du magasin. A suivre\u2026<\/p>\n","protected":false},"excerpt":{"rendered":"<p>Les br\u00e8ves de l\u2019UL CGT de Montreuil, 24, rue de Paris \u00a0\u00a0 Je, Tu, UL\u2026\u00a0 Mi-Mars 2016\u00a0 N\u00b0 228 \u00ab\u00a0Vous pensiez vraiment qu\u2019on allait rester sur twitter\u00a0?\u00a0\u00bb COTTON CONTENT\u00c9: 58, avenue Faidherbe \u2013 Le LYCEE EUGENIE COTTON \u00e9tait en gr\u00e8ve le 8 mars\u2026 avec un jour d\u2019 avance, mais avec un taux de gr\u00e9vistes parmi &hellip; <\/p>\n","protected":false},"author":1,"featured_media":0,"comment_status":"closed","ping_status":"open","sticky":false,"template":"","format":"standard","meta":{"footnotes":""},"categories":[2],"tags":[],"class_list":{"0":"entry","1":"post","2":"publish","3":"author-ulmontreuil","4":"post-1199","6":"format-standard","7":"category-je-tu-ul"},"_links":{"self":[{"href":"https:\/\/www.lacgtmontreuil.fr\/index.php?rest_route=\/wp\/v2\/posts\/1199","targetHints":{"allow":["GET"]}}],"collection":[{"href":"https:\/\/www.lacgtmontreuil.fr\/index.php?rest_route=\/wp\/v2\/posts"}],"about":[{"href":"https:\/\/www.lacgtmontreuil.fr\/index.php?rest_route=\/wp\/v2\/types\/post"}],"author":[{"embeddable":true,"href":"https:\/\/www.lacgtmontreuil.fr\/index.php?rest_route=\/wp\/v2\/users\/1"}],"replies":[{"embeddable":true,"href":"https:\/\/www.lacgtmontreuil.fr\/index.php?rest_route=%2Fwp%2Fv2%2Fcomments&post=1199"}],"version-history":[{"count":1,"href":"https:\/\/www.lacgtmontreuil.fr\/index.php?rest_route=\/wp\/v2\/posts\/1199\/revisions"}],"predecessor-version":[{"id":1201,"href":"https:\/\/www.lacgtmontreuil.fr\/index.php?rest_route=\/wp\/v2\/posts\/1199\/revisions\/1201"}],"wp:attachment":[{"href":"https:\/\/www.lacgtmontreuil.fr\/index.php?rest_route=%2Fwp%2Fv2%2Fmedia&parent=1199"}],"wp:term":[{"taxonomy":"category","embeddable":true,"href":"https:\/\/www.lacgtmontreuil.fr\/index.php?rest_route=%2Fwp%2Fv2%2Fcategories&post=1199"},{"taxonomy":"post_tag","embeddable":true,"href":"https:\/\/www.lacgtmontreuil.fr\/index.php?rest_route=%2Fwp%2Fv2%2Ftags&post=1199"}],"curies":[{"name":"wp","href":"https:\/\/api.w.org\/{rel}","templated":true}]}}