{"id":1167,"date":"2018-02-28T17:26:22","date_gmt":"2018-02-28T16:26:22","guid":{"rendered":"http:\/\/www.lacgtmontreuil.fr\/?p=1167"},"modified":"2018-02-28T17:26:22","modified_gmt":"2018-02-28T16:26:22","slug":"je-tu-ul-mi-decembre-2015-n-218","status":"publish","type":"post","link":"https:\/\/www.lacgtmontreuil.fr\/?p=1167","title":{"rendered":"Je, Tu, UL\u2026  Mi D\u00e9cembre 2015  N\u00b0 218"},"content":{"rendered":"<p><strong> Les br\u00e8ves de l\u2019UL CGT de Montreuil, 24, rue de Paris<\/strong><\/p>\n<p><img loading=\"lazy\" decoding=\"async\" width=\"109\" height=\"155\" class=\"wp-image-1168\" src=\"https:\/\/www.lacgtmontreuil.fr\/wp-content\/uploads\/2018\/02\/logo_cgt-179.jpeg\" alt=\"logo_cgt\" \/>\u00a0\u00a0 <strong>Je, Tu, UL\u2026\u00a0 Mi D\u00e9cembre 2015\u00a0 N\u00b0 218<\/strong><\/p>\n<p><em>\u00ab\u00a0COP 21\u00a0: arr\u00eatez de prendre la terre pour une dinde de No\u00ebl\u00a0\u00bb<\/em><\/p>\n<p><strong>SE FORMER PLUT\u00d4T QUE CH\u00d4MER :<\/strong> 13, place du G\u00e9n\u00e9ral de Gaulle \u2013 La CGT de l\u2019AFPA \u00e9tait dans la rue le 5 d\u00e9cembre dernier pour la manifestation parisienne des ch\u00f4meurs et pr\u00e9caires. Prolongeant une d\u00e9marche de recensement des besoins en formation, men\u00e9e conjointement avec la CGT des priv\u00e9s d\u2019emploi, nos camarades ont d\u00e9fil\u00e9 derri\u00e8re une banderole de leur syndicat\u00a0: \u00ab\u00a0Financer l\u2019AFPA, un devoir d\u2019Etat\u00a0\u00bb.<\/p>\n<p><strong>CUISINE SALE, SANCTIONS SAL\u00c9ES\u00a0:<\/strong> 28, rue Br\u00fblefer \u2013 Le traiteur CULINIA se venge de la fermeture administrative de son \u00e9tablissement, intervenue le mois dernier, suite \u00e0 un contr\u00f4le d\u2019hygi\u00e8ne qui avait r\u00e9v\u00e9l\u00e9 une trentaine de \u00ab\u00a0non-conformit\u00e9s majeures\u00a0\u00bb\u00a0: pr\u00e9sence de nuisibles (mouches, blattes, souris), produits avari\u00e9s, absence de gestion des dur\u00e9es de vie des mati\u00e8res entam\u00e9es ou conserv\u00e9s etc\u2026 Constats que le g\u00e9rant a d\u00e9cid\u00e9 de faire payer aux salari\u00e9s (surtout s\u2019ils sont syndiqu\u00e9s CGT) sous forme d\u2019avertissements disciplinaires. Quant \u00e0 \u00e9tablir leurs responsabilit\u00e9s personnelles, l\u00e0 encore, on reste sur notre faim\u00a0!<\/p>\n<p><strong>UNE CGT EN PLEINE SANT\u00c9 :<\/strong> 66, rue Marceau \u2013 Chez SANTE SERVICE, les listes CGT enregistrent une belle progression dans les 1<sup>er<\/sup> et 2<sup>\u00e8me<\/sup> coll\u00e8ges (+5% en moyenne), \u00e0 l\u2019occasion du 1<sup>er<\/sup> tour des \u00e9lections professionnelles. La CGT obtient ainsi une repr\u00e9sentativit\u00e9 de 30%, se hissant \u00e0 la deuxi\u00e8me place derri\u00e8re la CFDT. Un vote \u00e0 confirmer le 17 d\u00e9cembre prochain, lors du second tour, dans cette fondation d\u2019hospitalisation \u00e0 domicile, o\u00f9 les cartes sont d\u00e9sormais rebattues pour la gestion du C.E.<\/p>\n<p><strong>LE BEURRE ET L\u2019ARGENT DU BEURRE :<\/strong> 15, place du G\u00e9n\u00e9ral de Gaulle \u2013 LEADER PRICE a d\u00e9cid\u00e9 de passer en force sur l\u2019ouverture du magasin apr\u00e8s 13h00 les dimanche 20 et 27 d\u00e9cembre, malgr\u00e9 l\u2019avis d\u00e9favorable des d\u00e9l\u00e9gu\u00e9s. Lesquels ont par ailleurs d\u00e9clench\u00e9 un droit de retrait, en raison de la situation dangereuse en r\u00e9serve, avec un foss\u00e9 non-s\u00e9curis\u00e9 dans lequel un magasinier a failli perdre la vie. Ouvrir le dimanche, \u00e7a rapporte\u00a0; faire des travaux, \u00e7a co\u00fbte. Telle est la logique du Groupe Casino que d\u00e9nonce la section CGT.<\/p>\n<p><strong>SITUATION \u00c9LECTRIQUE\u00a0: <\/strong>8, rue de Rosny \u2013 La CCAS des industries \u00e9lectriques et gazi\u00e8res \u00e9tait mobilis\u00e9e le 9 d\u00e9cembre contre les mesures d\u2019aust\u00e9rit\u00e9 impos\u00e9es par la Tro\u00efka dans la branche, et dont les activit\u00e9s sociales sont les premi\u00e8res victimes en termes de budget. Des actions gr\u00e9vistes nombreuses, \u00e0 l\u2019appel de la CGT, en r\u00e9ponse, entre autres, \u00e0 la proposition patronale d\u2019une r\u00e9\u00e9valuation des salaires de +0,2%. Bien moins que la hausse du prix de l\u2019\u00e9nergie\u00a0!<\/p>\n","protected":false},"excerpt":{"rendered":"<p>Les br\u00e8ves de l\u2019UL CGT de Montreuil, 24, rue de Paris \u00a0\u00a0 Je, Tu, UL\u2026\u00a0 Mi D\u00e9cembre 2015\u00a0 N\u00b0 218 \u00ab\u00a0COP 21\u00a0: arr\u00eatez de prendre la terre pour une dinde de No\u00ebl\u00a0\u00bb SE FORMER PLUT\u00d4T QUE CH\u00d4MER : 13, place du G\u00e9n\u00e9ral de Gaulle \u2013 La CGT de l\u2019AFPA \u00e9tait dans la rue le 5 &hellip; <\/p>\n","protected":false},"author":1,"featured_media":0,"comment_status":"closed","ping_status":"open","sticky":false,"template":"","format":"standard","meta":{"footnotes":""},"categories":[2],"tags":[],"class_list":{"0":"entry","1":"post","2":"publish","3":"author-ulmontreuil","4":"post-1167","6":"format-standard","7":"category-je-tu-ul"},"_links":{"self":[{"href":"https:\/\/www.lacgtmontreuil.fr\/index.php?rest_route=\/wp\/v2\/posts\/1167","targetHints":{"allow":["GET"]}}],"collection":[{"href":"https:\/\/www.lacgtmontreuil.fr\/index.php?rest_route=\/wp\/v2\/posts"}],"about":[{"href":"https:\/\/www.lacgtmontreuil.fr\/index.php?rest_route=\/wp\/v2\/types\/post"}],"author":[{"embeddable":true,"href":"https:\/\/www.lacgtmontreuil.fr\/index.php?rest_route=\/wp\/v2\/users\/1"}],"replies":[{"embeddable":true,"href":"https:\/\/www.lacgtmontreuil.fr\/index.php?rest_route=%2Fwp%2Fv2%2Fcomments&post=1167"}],"version-history":[{"count":1,"href":"https:\/\/www.lacgtmontreuil.fr\/index.php?rest_route=\/wp\/v2\/posts\/1167\/revisions"}],"predecessor-version":[{"id":1169,"href":"https:\/\/www.lacgtmontreuil.fr\/index.php?rest_route=\/wp\/v2\/posts\/1167\/revisions\/1169"}],"wp:attachment":[{"href":"https:\/\/www.lacgtmontreuil.fr\/index.php?rest_route=%2Fwp%2Fv2%2Fmedia&parent=1167"}],"wp:term":[{"taxonomy":"category","embeddable":true,"href":"https:\/\/www.lacgtmontreuil.fr\/index.php?rest_route=%2Fwp%2Fv2%2Fcategories&post=1167"},{"taxonomy":"post_tag","embeddable":true,"href":"https:\/\/www.lacgtmontreuil.fr\/index.php?rest_route=%2Fwp%2Fv2%2Ftags&post=1167"}],"curies":[{"name":"wp","href":"https:\/\/api.w.org\/{rel}","templated":true}]}}