{"id":1161,"date":"2018-02-28T17:22:43","date_gmt":"2018-02-28T16:22:43","guid":{"rendered":"http:\/\/www.lacgtmontreuil.fr\/?p=1161"},"modified":"2018-02-28T17:22:43","modified_gmt":"2018-02-28T16:22:43","slug":"je-tu-ul-fin-novembre-2015-n-216","status":"publish","type":"post","link":"https:\/\/www.lacgtmontreuil.fr\/?p=1161","title":{"rendered":"Je, Tu, UL\u2026  Fin Novembre 2015  N\u00b0 216"},"content":{"rendered":"<p><strong> Les br\u00e8ves de l\u2019UL CGT de Montreuil, 24, rue de Paris<\/strong><\/p>\n<p><img loading=\"lazy\" decoding=\"async\" width=\"109\" height=\"155\" class=\"wp-image-1162\" src=\"https:\/\/www.lacgtmontreuil.fr\/wp-content\/uploads\/2018\/02\/logo_cgt-177.jpeg\" alt=\"logo_cgt\" \/>\u00a0\u00a0 <strong>Je, Tu, UL\u2026\u00a0 Fin Novembre 2015\u00a0 N\u00b0 216<\/strong><\/p>\n<p><em>\u00ab\u00a0Le bon climat\u00a0: c\u2019est le droit de manifester\u00a0!\u00a0\u00bb<\/em><\/p>\n<p><strong>ETAT DE GRUGEANCE :<\/strong> 8, rue de Rosny \u2013 La CCAS \u2013 Caisse Centrale des Activit\u00e9s Sociales pour les personnels des industries \u00e9lectriques et gazi\u00e8res \u2013 tient lieu de Comit\u00e9 d\u2019Entreprise aux salari\u00e9s de la branche. Pour 2016, le patronat annonce une baisse de dotation de 33 millions d\u2019euros, en m\u00eame temps qu\u2019il plafonne \u00e0 0,2% les augmentations de salaire, soit moins que l\u2019inflation. Une situation inacceptable mais difficile \u00e0 combattre, quand les \u00e9lus CGT se font menacer par les policiers de la DCRI pour le cas o\u00f9 des coupures de courant interviendraient dans la p\u00e9riode\u2026<\/p>\n<p><strong>M\u00caME PAS PEUR\u00a0? SAUF DE LA CGT\u00a0! :<\/strong> 15, place du G\u00e9n\u00e9ral de Gaulle \u2013 LEADER PRICE \u00e9tait ce vendredi 27 convoqu\u00e9 aux prud\u2019hommes de Bobigny par notre camarade Anthony DORCAL dont les primes de r\u00e9sultat avaient \u00e9t\u00e9 \u00ab\u00a0oubli\u00e9es\u00a0\u00bb depuis 2 ans, repr\u00e9sentant un total de 3000\u20ac. Etonnement des juges, lorsque le conseil de LEADER PRICE a propos\u00e9 \u00e0 la barre\u2026 la remise de 3500\u20ac, soit plus que ce que demandait la CGT, pour mettre un terme amiable \u00e0 la proc\u00e9dure\u00a0! Proposition accept\u00e9e, bien s\u00fbr.<\/p>\n<p><strong>LP \u00c1 RETARDEMENT :<\/strong> 274, rue de Rosny \u2013 Le transporteur LP ART \u00e9tait \u00e9galement invit\u00e9 \u00e0 la m\u00eame audience prud\u2019homale, pour s\u2019expliquer sur le retrait de 2 jours de formation syndicale en juin dernier \u00e0 3 de nos camarades. Une situation bloqu\u00e9e \u00e0 cause de l\u2019ent\u00eatement de la direction qui, devant le juge, s\u2019est soudainement r\u00e9solue\u00a0: LP ART a enfin retrouv\u00e9 les documents par lesquels nos 3 camarades \u2026 acceptaient d\u2019\u00eatre rembours\u00e9s, et ce sera chose faite, avec la correction des bulletins de salaires. Si nul n\u2019est cens\u00e9 ignorer la loi, certains employeurs la comprennent lentement.<\/p>\n<p><strong>R\u00c9SULTATS IN\u00c9GAUX :<\/strong> 11, rue de Rosny \u2013 A la CAMIEG, le 26 novembre \u00e9tait jour de renouvellement des d\u00e9l\u00e9gu\u00e9s et membres du comit\u00e9 d\u2019entreprise pour les 250 salari\u00e9s de cet organisme de s\u00e9curit\u00e9 sociale. Avec un peu plus de 50% des voix,\u00a0la CGT confirme sa repr\u00e9sentativit\u00e9 mais perd un si\u00e8ge dans le coll\u00e8ge employ\u00e9 qui fait basculer la majorit\u00e9 au CE\u00a0: majoritaire en voix, notamment chez les cadres, la CGT se trouve minoritaire en nombre d\u2019\u00e9lus. Situation qui va accro\u00eetre encore la responsabilit\u00e9 de notre camarade Mary GIORDANI, re-d\u00e9sign\u00e9e d\u00e9l\u00e9gu\u00e9e syndicale.<\/p>\n<p><strong>COUP PANDABLE : <\/strong>31, rue Jean-Jacques Rousseau \u2013 L\u2019Association PANDA avait licenci\u00e9 une aide \u00e0 domicile bosniaque, pour son refus d\u2019intervenir aupr\u00e8s d\u2019une personne \u00e2g\u00e9 violemment raciste \u00e0 son endroit. D\u00e9fendue par la CGT, Madame RIBIC obtient la reconnaissance du caract\u00e8re abusif du licenciement dont elle a fait l\u2019objet. PANDA est condamn\u00e9 \u00e0 lui payer 8000\u20ac en r\u00e9paration des pr\u00e9judices subis.<\/p>\n","protected":false},"excerpt":{"rendered":"<p>Les br\u00e8ves de l\u2019UL CGT de Montreuil, 24, rue de Paris \u00a0\u00a0 Je, Tu, UL\u2026\u00a0 Fin Novembre 2015\u00a0 N\u00b0 216 \u00ab\u00a0Le bon climat\u00a0: c\u2019est le droit de manifester\u00a0!\u00a0\u00bb ETAT DE GRUGEANCE : 8, rue de Rosny \u2013 La CCAS \u2013 Caisse Centrale des Activit\u00e9s Sociales pour les personnels des industries \u00e9lectriques et gazi\u00e8res \u2013 tient &hellip; <\/p>\n","protected":false},"author":1,"featured_media":0,"comment_status":"closed","ping_status":"open","sticky":false,"template":"","format":"standard","meta":{"footnotes":""},"categories":[2],"tags":[],"class_list":{"0":"entry","1":"post","2":"publish","3":"author-ulmontreuil","4":"post-1161","6":"format-standard","7":"category-je-tu-ul"},"_links":{"self":[{"href":"https:\/\/www.lacgtmontreuil.fr\/index.php?rest_route=\/wp\/v2\/posts\/1161","targetHints":{"allow":["GET"]}}],"collection":[{"href":"https:\/\/www.lacgtmontreuil.fr\/index.php?rest_route=\/wp\/v2\/posts"}],"about":[{"href":"https:\/\/www.lacgtmontreuil.fr\/index.php?rest_route=\/wp\/v2\/types\/post"}],"author":[{"embeddable":true,"href":"https:\/\/www.lacgtmontreuil.fr\/index.php?rest_route=\/wp\/v2\/users\/1"}],"replies":[{"embeddable":true,"href":"https:\/\/www.lacgtmontreuil.fr\/index.php?rest_route=%2Fwp%2Fv2%2Fcomments&post=1161"}],"version-history":[{"count":1,"href":"https:\/\/www.lacgtmontreuil.fr\/index.php?rest_route=\/wp\/v2\/posts\/1161\/revisions"}],"predecessor-version":[{"id":1163,"href":"https:\/\/www.lacgtmontreuil.fr\/index.php?rest_route=\/wp\/v2\/posts\/1161\/revisions\/1163"}],"wp:attachment":[{"href":"https:\/\/www.lacgtmontreuil.fr\/index.php?rest_route=%2Fwp%2Fv2%2Fmedia&parent=1161"}],"wp:term":[{"taxonomy":"category","embeddable":true,"href":"https:\/\/www.lacgtmontreuil.fr\/index.php?rest_route=%2Fwp%2Fv2%2Fcategories&post=1161"},{"taxonomy":"post_tag","embeddable":true,"href":"https:\/\/www.lacgtmontreuil.fr\/index.php?rest_route=%2Fwp%2Fv2%2Ftags&post=1161"}],"curies":[{"name":"wp","href":"https:\/\/api.w.org\/{rel}","templated":true}]}}