{"id":1155,"date":"2018-02-28T17:14:23","date_gmt":"2018-02-28T16:14:23","guid":{"rendered":"http:\/\/www.lacgtmontreuil.fr\/?p=1155"},"modified":"2018-02-28T17:14:23","modified_gmt":"2018-02-28T16:14:23","slug":"je-tu-ul-debut-novembre-2015-n-214","status":"publish","type":"post","link":"https:\/\/www.lacgtmontreuil.fr\/?p=1155","title":{"rendered":"Je, Tu, UL\u2026  D\u00e9but Novembre 2015  N\u00b0 214"},"content":{"rendered":"<p><strong> Les br\u00e8ves de l\u2019UL CGT de Montreuil, 24, rue de Paris<\/strong><\/p>\n<p><img loading=\"lazy\" decoding=\"async\" width=\"109\" height=\"155\" class=\"wp-image-1156\" src=\"https:\/\/www.lacgtmontreuil.fr\/wp-content\/uploads\/2018\/02\/logo_cgt-175.jpeg\" alt=\"logo_cgt\" \/>\u00a0\u00a0 <strong>Je, Tu, UL\u2026\u00a0 D\u00e9but Novembre 2015\u00a0 N\u00b0 214<\/strong><\/p>\n<p><em>\u00ab\u00a0Nos vies valent plus que leurs chemises\u00a0! \u00bb<\/em><\/p>\n<p><strong>PRIMEUR \u00c1 VENDRE :<\/strong> 5, avenue de La R\u00e9sistance \u2013 CARTALADE PRIMEURS doit changer de mains suite au d\u00e9sengagement de la famille CARTALADE, propri\u00e9taire de l\u2019enseigne \u00e0 son nom. Pour les salari\u00e9-e-s qui n\u2019ont pas \u00e0 ce jour de repr\u00e9sentation du personnel, c\u2019est l\u2019UL-CGT qui met en garde contre des conditions de vente au moins-disant social\u00a0; le repreneur est pr\u00e9venu, aucun avenant ne sera sign\u00e9 et la reprise en l\u2019\u00e9tat des contrats de travail sera la r\u00e8gle.<\/p>\n<p><strong>HORS DE COS\u00a0:<\/strong> 11, rue Georges M\u00e9li\u00e8s \u2013 Le COS ALEXANDRE GLASBERG, sur fond de chasse aux syndiqu\u00e9es, avait successivement mis fin au CDD de notre camarade Dionpollo KONATE et licenci\u00e9 une autre camarade, Hamida LAKHDAR, pour une faute grave imaginaire. Le 3 novembre, elles font l\u2019une et l\u2019autre condamner le COS, qui pour dommages et int\u00e9r\u00eats, qui pour licenciement sans cause r\u00e9elle et s\u00e9rieuse, avec rappel du pr\u00e9avis et de l\u2019indemnit\u00e9 l\u00e9gale de licenciement.<\/p>\n<p><strong>MISSION ACCOMPLIE :<\/strong> 15, avenue de La R\u00e9sistance \u2013 A la MISSION LOCALE POUR L\u2019EMPLOI DES JEUNES, on votait ce 6 novembre pour remettre en place des d\u00e9l\u00e9gu\u00e9s du personnel. Sur 4 candidats, la CGT en fait \u00e9lire 3 au 1<sup>er<\/sup> tour et, forte de sa repr\u00e9sentativit\u00e9 majoritaire, d\u00e9signera notre camarade V\u00e9ronique RULLAUD comme d\u00e9l\u00e9gu\u00e9e syndicale.<\/p>\n<p><strong>RAID BOURSIER :<\/strong> 40, rue Armand Carrel \u2013 Chez le Groupe UBISOFT, qui organise aussi ses \u00e9lections professionnelles dans les 8 filiales montreuilloises\u2026 sans liste syndicale, les assassins se portent mieux que les syndicats. En t\u00e9moigne le feuilleton m\u00e9diatique opposant V. Bollor\u00e9 \u00e0 la famille Guillemot, actionnaire historique de l\u2019entreprise, qui nous jouent le remake du jeu vedette, Assassin\u2019s Creed Syndicate. La perspective d\u2019un mariage forc\u00e9 avec VIVENDI est source de toutes les inqui\u00e9tudes pour les personnels\u00a0: la CGT fait donc \u0153uvre de lanceuse d\u2019alerte dans cette campagne pr\u00e9-\u00e9lectorale.<\/p>\n<p><strong>RUPTURE NON CONVENTIONNELLE\u00a0: <\/strong>8, rue de l\u2019Aqueduc \u2013 L\u2019AGENCE DE PREVENTION DES RISQUES B\u00c2TIMENT (APRB) avait pouss\u00e9 en mars dernier \u00e0 une rupture conventionnelle, un salari\u00e9 diagnostiqueur qu\u2019elle cessait de r\u00e9mun\u00e9rer depuis 3 mois. D\u00e9fendu par la CGT, M. PETIT obtient le rappel de ses salaires, des dommages et int\u00e9r\u00eats et l\u2019indemnit\u00e9, impay\u00e9e elle aussi, de rupture conventionnelle\u00a0: soit un peu plus de 8000 euros. Les voil\u00e0 pr\u00e9venus\u00a0!<\/p>\n<p><strong>REPOS INTERDITS\u00a0:<\/strong> 240, rue de Rosny \u2013 Chez TESSI CHEQUES, \u00e0 l\u2019instar de Hirsch \u00e0 l\u2019AP\/HP ou de Ciotti au CG06, la Direction entend d\u00e9noncer les repos compensateurs de remplacement, mis en place depuis 2012. Le comptage des heures ne se ferait plus par trimestre mais \u00e0 l\u2019ann\u00e9e. Un projet qui butte sur les r\u00e8gles de n\u00e9gociations collectives \u2013 celles-l\u00e0 m\u00eame que le patronat veut substituer au Code du Travail\u00a0: la CGT, majoritaire \u00e0 100% chez TESSI, refuse de n\u00e9gocier le recul et menace d\u2019\u00e9cr\u00eater des \u00ab\u00a0pics d\u2019activit\u00e9\u00a0\u00bb par le retour aux 35 heures, sans am\u00e9nagement.<\/p>\n","protected":false},"excerpt":{"rendered":"<p>Les br\u00e8ves de l\u2019UL CGT de Montreuil, 24, rue de Paris \u00a0\u00a0 Je, Tu, UL\u2026\u00a0 D\u00e9but Novembre 2015\u00a0 N\u00b0 214 \u00ab\u00a0Nos vies valent plus que leurs chemises\u00a0! \u00bb PRIMEUR \u00c1 VENDRE : 5, avenue de La R\u00e9sistance \u2013 CARTALADE PRIMEURS doit changer de mains suite au d\u00e9sengagement de la famille CARTALADE, propri\u00e9taire de l\u2019enseigne \u00e0 &hellip; <\/p>\n","protected":false},"author":1,"featured_media":0,"comment_status":"closed","ping_status":"open","sticky":false,"template":"","format":"standard","meta":{"footnotes":""},"categories":[2],"tags":[],"class_list":{"0":"entry","1":"post","2":"publish","3":"author-ulmontreuil","4":"post-1155","6":"format-standard","7":"category-je-tu-ul"},"_links":{"self":[{"href":"https:\/\/www.lacgtmontreuil.fr\/index.php?rest_route=\/wp\/v2\/posts\/1155","targetHints":{"allow":["GET"]}}],"collection":[{"href":"https:\/\/www.lacgtmontreuil.fr\/index.php?rest_route=\/wp\/v2\/posts"}],"about":[{"href":"https:\/\/www.lacgtmontreuil.fr\/index.php?rest_route=\/wp\/v2\/types\/post"}],"author":[{"embeddable":true,"href":"https:\/\/www.lacgtmontreuil.fr\/index.php?rest_route=\/wp\/v2\/users\/1"}],"replies":[{"embeddable":true,"href":"https:\/\/www.lacgtmontreuil.fr\/index.php?rest_route=%2Fwp%2Fv2%2Fcomments&post=1155"}],"version-history":[{"count":1,"href":"https:\/\/www.lacgtmontreuil.fr\/index.php?rest_route=\/wp\/v2\/posts\/1155\/revisions"}],"predecessor-version":[{"id":1157,"href":"https:\/\/www.lacgtmontreuil.fr\/index.php?rest_route=\/wp\/v2\/posts\/1155\/revisions\/1157"}],"wp:attachment":[{"href":"https:\/\/www.lacgtmontreuil.fr\/index.php?rest_route=%2Fwp%2Fv2%2Fmedia&parent=1155"}],"wp:term":[{"taxonomy":"category","embeddable":true,"href":"https:\/\/www.lacgtmontreuil.fr\/index.php?rest_route=%2Fwp%2Fv2%2Fcategories&post=1155"},{"taxonomy":"post_tag","embeddable":true,"href":"https:\/\/www.lacgtmontreuil.fr\/index.php?rest_route=%2Fwp%2Fv2%2Ftags&post=1155"}],"curies":[{"name":"wp","href":"https:\/\/api.w.org\/{rel}","templated":true}]}}