{"id":1149,"date":"2018-02-28T17:10:30","date_gmt":"2018-02-28T16:10:30","guid":{"rendered":"http:\/\/www.lacgtmontreuil.fr\/?p=1149"},"modified":"2018-02-28T17:10:30","modified_gmt":"2018-02-28T16:10:30","slug":"je-tu-ul-fin-octobre-2015-n-212","status":"publish","type":"post","link":"https:\/\/www.lacgtmontreuil.fr\/?p=1149","title":{"rendered":"Je, Tu, UL\u2026  Fin Octobre 2015  N\u00b0 212"},"content":{"rendered":"<p><strong> Les br\u00e8ves de l\u2019UL CGT de Montreuil, 24, rue de Paris<\/strong><\/p>\n<p><img loading=\"lazy\" decoding=\"async\" width=\"109\" height=\"155\" class=\"wp-image-1150\" src=\"https:\/\/www.lacgtmontreuil.fr\/wp-content\/uploads\/2018\/02\/logo_cgt-173.jpeg\" alt=\"logo_cgt\" \/>\u00a0\u00a0 <strong>Je, Tu, UL\u2026\u00a0 Fin Octobre 2015\u00a0 N\u00b0 212<\/strong><\/p>\n<p><em>\u00ab\u00a0Je suis chemise \u00bb<\/em><\/p>\n<p><strong>UN VOLCAN SOUS LE P\u00d4LE :<\/strong> 7, rue Kl\u00e9ber \u2013 P\u00d4LE-EMPLOI rentre en zone de temp\u00eates si l\u2019on en croit la CGT qui d\u00e9nonce, p\u00e9tition \u00e0 l\u2019appui, la fermeture \u00ab\u00a0exp\u00e9rimentale\u00a0\u00bb des agences tous les apr\u00e8s-midi dans plusieurs r\u00e9gions\u2026 avant g\u00e9n\u00e9ralisation du dispositif. Le syndicat met en garde aussi les agents contre les instructions qui seraient en contradiction avec la censure de la convention UNEDIC par le Conseil d\u2019Etat\u00a0: instructions mod\u00e9lis\u00e9es dans les logiciels de P\u00f4le-Emploi, non mises \u00e0 jour depuis\u2026<\/p>\n<p><strong>RENAISSANCE RADINE\u00a0:<\/strong> 240, rue de Rosny \u2013 QUINETTE-GALAY RENAISSANCE, moins de 2 ans apr\u00e8s son sauvetage par les salari\u00e9s, croule sous les commandes\u00a0! Occasion pour la CGT d\u2019exiger une vraie n\u00e9gociation sur les r\u00e9mun\u00e9rations, toujours bloqu\u00e9es par la Direction\u00a0: une radinerie qui sera difficile \u00e0 d\u00e9fendre, la CGT bloquant en retour le projet patronal d\u2019am\u00e9nagement du temps du travail. Interpel\u00e9 sur cette situation, l\u2019actionnaire japonais semble soudain pr\u00eat \u00e0 rouvrir la NAO. A suivre\u2026<\/p>\n<p><strong>CENTRE SANCTION MEDIA :<\/strong> 2, rue Armand Carrel \u2013 Le Centre SANTE MEDIA doit organiser le renouvellement des d\u00e9l\u00e9gu\u00e9s du personnel le mois prochain. A la veille de la n\u00e9gociation, notre camarade Karen ROGEON est mise \u00e0 pied \u00e0 titre conservatoire sous une accusation de vol\u00a0: d\u00e9l\u00e9gu\u00e9e syndicale CGT, l\u2019objectif de la direction d\u2019emp\u00eacher sa candidature est d\u2019autant plus transparent\u2026 que la m\u00eame accusation avait d\u00e9j\u00e0 \u00e9t\u00e9 utilis\u00e9e contre elle, pour contester sa d\u00e9signation par la CGT. Sauf que le pr\u00e9tendu vol avait eu lieu pendant ses cong\u00e9s.<\/p>\n<p><strong>EN TEMPS, \u00c1 L\u2019\u00c9COUTE :<\/strong> 40-42, boulevard Paul Vaillant-Couturier \u2013 L\u2019association EN TEMPS n\u2019avait plus que des d\u00e9l\u00e9gu\u00e9s CFDT. Situation \u00e0 laquelle il vient d\u2019\u00eatre rem\u00e9di\u00e9 avec l\u2019\u00e9lection d\u00e8s le 1<sup>er<\/sup> tour de 2 nouvelles CGTistes\u00a0: V\u00e9ronique LANOY et Nathalie REDLER. Avec d\u00e9j\u00e0 plein de questions pour les futures r\u00e9unions DP, sur les salaires, les pressions, etc\u2026<\/p>\n<p><strong>L\u2019APAJH REMISE \u00c1 LA PAGE\u00a0:<\/strong> 19, rue des Bons Plants \u2013 Le Foyer APAJH votait aussi le 22 octobre pour \u00e9lire ses d\u00e9l\u00e9gu\u00e9-e-s. Alors qu\u2019un courrier de la directrice annon\u00e7ait \u00ab\u00a0l\u2019absence de repr\u00e9sentativit\u00e9\u2026 de cr\u00e9dibilit\u00e9 et donc de l\u00e9gitimit\u00e9\u00a0\u00bb des candidates CGT en pleine campagne \u00e9lectorale, notre camarade Daouia AZIB est r\u00e9\u00e9lue et sera d\u00e9sign\u00e9e d\u00e9l\u00e9gu\u00e9e syndicale, sur la base justement d\u2019une repr\u00e9sentativit\u00e9 \u00e0 100% de la CGT dans l\u2019\u00e9tablissement. Et toc\u00a0!<\/p>\n","protected":false},"excerpt":{"rendered":"<p>Les br\u00e8ves de l\u2019UL CGT de Montreuil, 24, rue de Paris \u00a0\u00a0 Je, Tu, UL\u2026\u00a0 Fin Octobre 2015\u00a0 N\u00b0 212 \u00ab\u00a0Je suis chemise \u00bb UN VOLCAN SOUS LE P\u00d4LE : 7, rue Kl\u00e9ber \u2013 P\u00d4LE-EMPLOI rentre en zone de temp\u00eates si l\u2019on en croit la CGT qui d\u00e9nonce, p\u00e9tition \u00e0 l\u2019appui, la fermeture \u00ab\u00a0exp\u00e9rimentale\u00a0\u00bb des &hellip; <\/p>\n","protected":false},"author":1,"featured_media":0,"comment_status":"closed","ping_status":"open","sticky":false,"template":"","format":"standard","meta":{"footnotes":""},"categories":[2],"tags":[],"class_list":{"0":"entry","1":"post","2":"publish","3":"author-ulmontreuil","4":"post-1149","6":"format-standard","7":"category-je-tu-ul"},"_links":{"self":[{"href":"https:\/\/www.lacgtmontreuil.fr\/index.php?rest_route=\/wp\/v2\/posts\/1149","targetHints":{"allow":["GET"]}}],"collection":[{"href":"https:\/\/www.lacgtmontreuil.fr\/index.php?rest_route=\/wp\/v2\/posts"}],"about":[{"href":"https:\/\/www.lacgtmontreuil.fr\/index.php?rest_route=\/wp\/v2\/types\/post"}],"author":[{"embeddable":true,"href":"https:\/\/www.lacgtmontreuil.fr\/index.php?rest_route=\/wp\/v2\/users\/1"}],"replies":[{"embeddable":true,"href":"https:\/\/www.lacgtmontreuil.fr\/index.php?rest_route=%2Fwp%2Fv2%2Fcomments&post=1149"}],"version-history":[{"count":1,"href":"https:\/\/www.lacgtmontreuil.fr\/index.php?rest_route=\/wp\/v2\/posts\/1149\/revisions"}],"predecessor-version":[{"id":1151,"href":"https:\/\/www.lacgtmontreuil.fr\/index.php?rest_route=\/wp\/v2\/posts\/1149\/revisions\/1151"}],"wp:attachment":[{"href":"https:\/\/www.lacgtmontreuil.fr\/index.php?rest_route=%2Fwp%2Fv2%2Fmedia&parent=1149"}],"wp:term":[{"taxonomy":"category","embeddable":true,"href":"https:\/\/www.lacgtmontreuil.fr\/index.php?rest_route=%2Fwp%2Fv2%2Fcategories&post=1149"},{"taxonomy":"post_tag","embeddable":true,"href":"https:\/\/www.lacgtmontreuil.fr\/index.php?rest_route=%2Fwp%2Fv2%2Ftags&post=1149"}],"curies":[{"name":"wp","href":"https:\/\/api.w.org\/{rel}","templated":true}]}}