{"id":1143,"date":"2018-02-27T18:50:17","date_gmt":"2018-02-27T17:50:17","guid":{"rendered":"http:\/\/www.lacgtmontreuil.fr\/?p=1143"},"modified":"2018-02-27T18:50:17","modified_gmt":"2018-02-27T17:50:17","slug":"je-tu-ul-debut-octobre-2015-n-210","status":"publish","type":"post","link":"https:\/\/www.lacgtmontreuil.fr\/?p=1143","title":{"rendered":"Je, Tu, UL\u2026  D\u00e9but Octobre 2015  N\u00b0 210"},"content":{"rendered":"<p><strong> Les br\u00e8ves de l\u2019UL CGT de Montreuil, 24, rue de Paris<\/strong><\/p>\n<p><img loading=\"lazy\" decoding=\"async\" width=\"109\" height=\"155\" class=\"wp-image-1144\" src=\"https:\/\/www.lacgtmontreuil.fr\/wp-content\/uploads\/2018\/02\/logo_cgt-171.jpeg\" alt=\"logo_cgt\" \/>\u00a0\u00a0 <strong>Je, Tu, UL\u2026\u00a0 D\u00e9but Octobre 2015\u00a0 N\u00b0 210<\/strong><\/p>\n<p><em>\u00ab\u00a0La finance n\u2019a pas de visage\u2026 Mais elle a un gouvernement\u00a0! \u00bb<\/em><\/p>\n<p><strong>EDUC\u2019ACTION :<\/strong> 1, rue Dombasle \u2013 Au LYCEE Jean Jaur\u00e8s, l\u2019annonce du non-renouvellement des contrats (qui duraient depuis 7 ans) des 2 assistantes d\u2019\u00e9ducation a mis le feu aux poudres en cette rentr\u00e9e. Mercredi 30 septembre, la quasi-totalit\u00e9 des enseignants arr\u00eataient les cours en soutien aux 2 AED\u00a0; jeudi 1<sup>er<\/sup>, les lyc\u00e9ens prenaient le relais avec blocage du lyc\u00e9e et ce vendredi, malgr\u00e9 l\u2019intervention de la police, cimentage de la grille d\u2019entr\u00e9e. A ce jour, l\u2019acad\u00e9mie ne propose que des contrats de remplacement aux 2 AED dont l\u2019anciennet\u00e9 justifierait pourtant la titularisation.<\/p>\n<p><strong>OSEILLE D\u2019AUTOMNE :<\/strong> 11, rue de Rosny \u2013 La CAMIEG, organisme de s\u00e9curit\u00e9 sociale pour les salari\u00e9s de l\u2019\u00e9nergie, subit les m\u00eames salaires bloqu\u00e9s que tous les personnels relevant des m\u00eames tutelles. La CGT ne s\u2019y r\u00e9signant pas, 2 ann\u00e9es de bataille opini\u00e2tre sur les salaires viennent d\u2019aboutir \u00e0 une prime exceptionnelle de 700 euros pour tous sur la paie d\u2019octobre. A le veille des \u00e9lections professionnelles, la CGT qui seule a n\u00e9goci\u00e9 (FO refusant de si\u00e9ger) explique par la voie de notre camarade Mary GIORDANI\u00a0: \u00ab\u00a0c\u2019est un bon d\u00e9but\u00a0!\u00a0\u00bb.<\/p>\n<p><strong>FERM\u00c9E CONTRE LA FERMETURE :<\/strong> 7-9, rue du Capitaine Henry \u2013 La CRECHE DEPARTEMENTALE de Montreuil \u00e9tait en gr\u00e8ve les 30 septembre et 1<sup>er<\/sup> octobre contre le nouveau r\u00e8glement int\u00e9rieur qui pr\u00e9voit la fermeture des cr\u00e8ches du 93 les 3 premi\u00e8res semaines d\u2019ao\u00fbt, la derni\u00e8re de d\u00e9cembre et une r\u00e9duction de l\u2019amplitude horaire\u2026 sur fond de sous-effectifs. A l\u2019appel de 4 syndicats dont la CGT des Cr\u00e8ches-PMI du 93, 300 agents des diff\u00e9rentes cr\u00e8ches se sont r\u00e9unis sur le parvis de la Pr\u00e9fecture, exigeant d\u2019\u00eatre re\u00e7us par F. MOLOSSI, vice-pr\u00e9sident du Conseil D\u00e9partemental en charge de la Petite Enfance.<\/p>\n<p><strong>COURSE DE LENTEUR :<\/strong> 22, rue des F\u00e9d\u00e9r\u00e9s \u2013 Chez EMMA\u00dcS-ALTERNATIVES, la culture de la n\u00e9gociation avance\u2026 lentement. Depuis que l\u2019association existe, il n\u2019y a jamais eu d\u2019augmentation de salaire et la NAO 2015 sera une premi\u00e8re\u00a0! La CGT qui r\u00e9clame depuis le 6 mai dernier les documents n\u00e9cessaires \u00e0 la n\u00e9gociation, vient de les recevoir le 30 septembre\u00a0: h\u00e9las, incomplets et illisibles\u2026 S\u2019adressant \u00e0 l\u2019ensemble du personnel, la CGT d\u00e9nonce cette volont\u00e9 de freiner les n\u00e9gociations et rappelle qu\u2019il s\u2019agit d\u2019une obligation pour l\u2019employeur, renouvelable chaque ann\u00e9e.<\/p>\n<p><strong>CHAUVE QUI PEUT :<\/strong> 127, boulevard de la Boissi\u00e8re \u2013 Le salon de coiffure KAS avait convoqu\u00e9 \u00e0 un entretien pr\u00e9alable doubl\u00e9 d\u2019une mise \u00e0 pied \u00e0 titre conservatoire, notre camarade Sandrine DUQUESNOY, coiffeuse. Deux mois plus tard, ne voyant rien venir, elle rappelait \u00e0 son employeur que n\u2019\u00e9tant pas licenci\u00e9e, elle entendait reprendre son poste. Le mutisme de KAS lui vaut aujourd\u2019hui une condamnation en r\u00e9f\u00e9r\u00e9 prud\u2019homal \u00e0 3873,66 euros de rappel de salaire et 500 euros pour les frais de proc\u00e9dure.<\/p>\n","protected":false},"excerpt":{"rendered":"<p>Les br\u00e8ves de l\u2019UL CGT de Montreuil, 24, rue de Paris \u00a0\u00a0 Je, Tu, UL\u2026\u00a0 D\u00e9but Octobre 2015\u00a0 N\u00b0 210 \u00ab\u00a0La finance n\u2019a pas de visage\u2026 Mais elle a un gouvernement\u00a0! \u00bb EDUC\u2019ACTION : 1, rue Dombasle \u2013 Au LYCEE Jean Jaur\u00e8s, l\u2019annonce du non-renouvellement des contrats (qui duraient depuis 7 ans) des 2 assistantes &hellip; <\/p>\n","protected":false},"author":1,"featured_media":0,"comment_status":"closed","ping_status":"open","sticky":false,"template":"","format":"standard","meta":{"footnotes":""},"categories":[2],"tags":[],"class_list":{"0":"entry","1":"post","2":"publish","3":"author-ulmontreuil","4":"post-1143","6":"format-standard","7":"category-je-tu-ul"},"_links":{"self":[{"href":"https:\/\/www.lacgtmontreuil.fr\/index.php?rest_route=\/wp\/v2\/posts\/1143","targetHints":{"allow":["GET"]}}],"collection":[{"href":"https:\/\/www.lacgtmontreuil.fr\/index.php?rest_route=\/wp\/v2\/posts"}],"about":[{"href":"https:\/\/www.lacgtmontreuil.fr\/index.php?rest_route=\/wp\/v2\/types\/post"}],"author":[{"embeddable":true,"href":"https:\/\/www.lacgtmontreuil.fr\/index.php?rest_route=\/wp\/v2\/users\/1"}],"replies":[{"embeddable":true,"href":"https:\/\/www.lacgtmontreuil.fr\/index.php?rest_route=%2Fwp%2Fv2%2Fcomments&post=1143"}],"version-history":[{"count":1,"href":"https:\/\/www.lacgtmontreuil.fr\/index.php?rest_route=\/wp\/v2\/posts\/1143\/revisions"}],"predecessor-version":[{"id":1145,"href":"https:\/\/www.lacgtmontreuil.fr\/index.php?rest_route=\/wp\/v2\/posts\/1143\/revisions\/1145"}],"wp:attachment":[{"href":"https:\/\/www.lacgtmontreuil.fr\/index.php?rest_route=%2Fwp%2Fv2%2Fmedia&parent=1143"}],"wp:term":[{"taxonomy":"category","embeddable":true,"href":"https:\/\/www.lacgtmontreuil.fr\/index.php?rest_route=%2Fwp%2Fv2%2Fcategories&post=1143"},{"taxonomy":"post_tag","embeddable":true,"href":"https:\/\/www.lacgtmontreuil.fr\/index.php?rest_route=%2Fwp%2Fv2%2Ftags&post=1143"}],"curies":[{"name":"wp","href":"https:\/\/api.w.org\/{rel}","templated":true}]}}