{"id":11085,"date":"2026-09-06T20:15:14","date_gmt":"2026-09-06T18:15:14","guid":{"rendered":"https:\/\/www.lacgtmontreuil.fr\/?p=11085"},"modified":"2026-09-06T20:15:15","modified_gmt":"2026-09-06T18:15:15","slug":"je-tu-ul-n532-rentree-agitee","status":"publish","type":"post","link":"https:\/\/www.lacgtmontreuil.fr\/?p=11085","title":{"rendered":"Je, Tu, UL n\u00b0532 &#8211; RENTR\u00c9E AGIT\u00c9E"},"content":{"rendered":"24, rue de Paris \u2013 La CGT inaugurait le 2 septembre, \u00e0 la Bourse de Travail, sa premi\u00e8re permanence syndicale pour les personnels de l\u2019EDUCATION NATIONALE. La prochaine a \u00e9t\u00e9 fix\u00e9e le 16 septembre apr\u00e8s-midi, au lendemain de la journ\u00e9e de gr\u00e8ve dans la fonction publique. Il est vrai que les sujets de rentr\u00e9e ne manquent pas : contractuels non-renouvel\u00e9s, piratage informatique de l\u2019acad\u00e9mie de Cr\u00e9teil, fermetures de classe, gel des travaux d\u2019isolation thermique dans les \u00e9coles, etc\u2026","protected":false},"excerpt":{"rendered":"<p>24, rue de Paris \u2013 La CGT inaugurait le 2 septembre, \u00e0 la Bourse de Travail, sa premi\u00e8re permanence syndicale pour les personnels de l\u2019EDUCATION NATIONALE. La prochaine a \u00e9t\u00e9 fix\u00e9e le 16 septembre apr\u00e8s-midi, au lendemain de la journ\u00e9e de gr\u00e8ve dans la fonction publique. Il est vrai que les sujets de rentr\u00e9e ne &hellip; <\/p>\n","protected":false},"author":19,"featured_media":0,"comment_status":"closed","ping_status":"open","sticky":false,"template":"","format":"standard","meta":{"footnotes":""},"categories":[2],"tags":[],"class_list":{"0":"entry","1":"post","2":"publish","3":"author-sebastien","4":"post-11085","6":"format-standard","7":"category-je-tu-ul"},"_links":{"self":[{"href":"https:\/\/www.lacgtmontreuil.fr\/index.php?rest_route=\/wp\/v2\/posts\/11085","targetHints":{"allow":["GET"]}}],"collection":[{"href":"https:\/\/www.lacgtmontreuil.fr\/index.php?rest_route=\/wp\/v2\/posts"}],"about":[{"href":"https:\/\/www.lacgtmontreuil.fr\/index.php?rest_route=\/wp\/v2\/types\/post"}],"author":[{"embeddable":true,"href":"https:\/\/www.lacgtmontreuil.fr\/index.php?rest_route=\/wp\/v2\/users\/19"}],"replies":[{"embeddable":true,"href":"https:\/\/www.lacgtmontreuil.fr\/index.php?rest_route=%2Fwp%2Fv2%2Fcomments&post=11085"}],"version-history":[{"count":1,"href":"https:\/\/www.lacgtmontreuil.fr\/index.php?rest_route=\/wp\/v2\/posts\/11085\/revisions"}],"predecessor-version":[{"id":11087,"href":"https:\/\/www.lacgtmontreuil.fr\/index.php?rest_route=\/wp\/v2\/posts\/11085\/revisions\/11087"}],"wp:attachment":[{"href":"https:\/\/www.lacgtmontreuil.fr\/index.php?rest_route=%2Fwp%2Fv2%2Fmedia&parent=11085"}],"wp:term":[{"taxonomy":"category","embeddable":true,"href":"https:\/\/www.lacgtmontreuil.fr\/index.php?rest_route=%2Fwp%2Fv2%2Fcategories&post=11085"},{"taxonomy":"post_tag","embeddable":true,"href":"https:\/\/www.lacgtmontreuil.fr\/index.php?rest_route=%2Fwp%2Fv2%2Ftags&post=11085"}],"curies":[{"name":"wp","href":"https:\/\/api.w.org\/{rel}","templated":true}]}}