{"id":11077,"date":"2026-09-06T20:14:59","date_gmt":"2026-09-06T18:14:59","guid":{"rendered":"https:\/\/www.lacgtmontreuil.fr\/?p=11077"},"modified":"2026-09-06T20:15:00","modified_gmt":"2026-09-06T18:15:00","slug":"je-tu-ul-n532-sans-concession","status":"publish","type":"post","link":"https:\/\/www.lacgtmontreuil.fr\/?p=11077","title":{"rendered":"Je, Tu, UL n\u00b0532 &#8211; SANS CONCESSION"},"content":{"rendered":"57, rue Armand Carrel \u2013 Chez le concessionnaire RENAULT RETAIL GROUP de la Porte de Montreuil, c\u2019est notre camarade Olivier KHEDICHIAN qui sera le nouveau repr\u00e9sentant CGT aupr\u00e8s du CSE, en remplacement d\u2019Alain SANTOS qui b\u00e9n\u00e9ficie d\u2019une pr\u00e9-retraite bien m\u00e9rit\u00e9e et se trouve donc en dispense d\u2019activit\u00e9.","protected":false},"excerpt":{"rendered":"<p>57, rue Armand Carrel \u2013 Chez le concessionnaire RENAULT RETAIL GROUP de la Porte de Montreuil, c\u2019est notre camarade Olivier KHEDICHIAN qui sera le nouveau repr\u00e9sentant CGT aupr\u00e8s du CSE, en remplacement d\u2019Alain SANTOS qui b\u00e9n\u00e9ficie d\u2019une pr\u00e9-retraite bien m\u00e9rit\u00e9e et se trouve donc en dispense d\u2019activit\u00e9.<\/p>\n","protected":false},"author":19,"featured_media":0,"comment_status":"closed","ping_status":"open","sticky":false,"template":"","format":"standard","meta":{"footnotes":""},"categories":[2],"tags":[],"class_list":{"0":"entry","1":"post","2":"publish","3":"author-sebastien","4":"post-11077","6":"format-standard","7":"category-je-tu-ul"},"_links":{"self":[{"href":"https:\/\/www.lacgtmontreuil.fr\/index.php?rest_route=\/wp\/v2\/posts\/11077","targetHints":{"allow":["GET"]}}],"collection":[{"href":"https:\/\/www.lacgtmontreuil.fr\/index.php?rest_route=\/wp\/v2\/posts"}],"about":[{"href":"https:\/\/www.lacgtmontreuil.fr\/index.php?rest_route=\/wp\/v2\/types\/post"}],"author":[{"embeddable":true,"href":"https:\/\/www.lacgtmontreuil.fr\/index.php?rest_route=\/wp\/v2\/users\/19"}],"replies":[{"embeddable":true,"href":"https:\/\/www.lacgtmontreuil.fr\/index.php?rest_route=%2Fwp%2Fv2%2Fcomments&post=11077"}],"version-history":[{"count":1,"href":"https:\/\/www.lacgtmontreuil.fr\/index.php?rest_route=\/wp\/v2\/posts\/11077\/revisions"}],"predecessor-version":[{"id":11079,"href":"https:\/\/www.lacgtmontreuil.fr\/index.php?rest_route=\/wp\/v2\/posts\/11077\/revisions\/11079"}],"wp:attachment":[{"href":"https:\/\/www.lacgtmontreuil.fr\/index.php?rest_route=%2Fwp%2Fv2%2Fmedia&parent=11077"}],"wp:term":[{"taxonomy":"category","embeddable":true,"href":"https:\/\/www.lacgtmontreuil.fr\/index.php?rest_route=%2Fwp%2Fv2%2Fcategories&post=11077"},{"taxonomy":"post_tag","embeddable":true,"href":"https:\/\/www.lacgtmontreuil.fr\/index.php?rest_route=%2Fwp%2Fv2%2Ftags&post=11077"}],"curies":[{"name":"wp","href":"https:\/\/api.w.org\/{rel}","templated":true}]}}